{"id":8876,"date":"2026-03-22T15:29:37","date_gmt":"2026-03-22T14:29:37","guid":{"rendered":"https:\/\/www.schulzentrum-stetten-akm.de\/?p=8876"},"modified":"2026-03-23T12:10:27","modified_gmt":"2026-03-23T11:10:27","slug":"spurensuche-im-staatsarchiv","status":"publish","type":"post","link":"https:\/\/www.schulzentrum-stetten-akm.de\/uk\/spurensuche-im-staatsarchiv\/","title":{"rendered":"Geschichten zum Anfassen"},"content":{"rendered":"<figure class=\"wp-block-image size-full\"><img decoding=\"async\" src=\"https:\/\/www.schulzentrum-stetten-akm.de\/wp-content\/uploads\/2026\/03\/IMG_8004.heic\" alt=\"\" class=\"wp-image-8895\"\/><\/figure>\n\n\n\n<p>Wie arbeiten Historiker eigentlich? Und was verbirgt sich hinter den Mauern eines Archivs? Diesen Fragen gingen alle drei sechsten Lerngruppen des Schulzentrums bei ihrem Besuch im Staatsarchiv Sigmaringen nach. Im Rahmen des Geschichtsunterrichts fuhren sie daf\u00fcr an drei Tagen nach Sigmaringen.<\/p>\n\n\n\n<p>Nach einer kurzen Einf\u00fchrung durften die Sch\u00fclerinnen und Sch\u00fcler selbst aktiv werden: In kleinen Gruppen untersuchten sie originale Dokumente und Gegenst\u00e4nde aus vergangenen Zeiten. Mit viel Neugier wurde gelesen, entdeckt und diskutiert \u2013 fast wie echte Historikerinnen und Historiker.<\/p>\n\n\n\n<p>Dabei wurde schnell klar: Geschichte ist nicht nur etwas aus dem Schulbuch, sondern l\u00e4sst sich vor Ort ganz unmittelbar erleben.<\/p>\n\n\n\n<p>Ein herzliches Dankesch\u00f6n an das Team des Staatsarchivs Sigmaringen f\u00fcr die freundliche Betreuung und die interessanten Einblicke.<\/p>\n\n\n\n<figure class=\"wp-block-image size-large\"><img loading=\"lazy\" decoding=\"async\" width=\"1024\" height=\"768\" src=\"https:\/\/www.schulzentrum-stetten-akm.de\/wp-content\/uploads\/2026\/03\/20260302_140828-1024x768.jpg\" alt=\"\" class=\"wp-image-8877\" srcset=\"https:\/\/www.schulzentrum-stetten-akm.de\/wp-content\/uploads\/2026\/03\/20260302_140828-1024x768.jpg 1024w, https:\/\/www.schulzentrum-stetten-akm.de\/wp-content\/uploads\/2026\/03\/20260302_140828-300x225.jpg 300w, https:\/\/www.schulzentrum-stetten-akm.de\/wp-content\/uploads\/2026\/03\/20260302_140828-768x576.jpg 768w, https:\/\/www.schulzentrum-stetten-akm.de\/wp-content\/uploads\/2026\/03\/20260302_140828-1536x1152.jpg 1536w, https:\/\/www.schulzentrum-stetten-akm.de\/wp-content\/uploads\/2026\/03\/20260302_140828-scaled.jpg 2048w, https:\/\/www.schulzentrum-stetten-akm.de\/wp-content\/uploads\/2026\/03\/20260302_140828-16x12.jpg 16w\" sizes=\"auto, (max-width: 1024px) 100vw, 1024px\" \/><\/figure>\n\n\n\n<p><em>Quellen: Jasmin Winkelmann und Sarah Birkhofer<\/em><\/p>","protected":false},"excerpt":{"rendered":"<p>Wie arbeiten Historiker eigentlich? Und was verbirgt sich hinter den Mauern eines Archivs? Diesen Fragen gingen alle drei sechsten Lerngruppen des Schulzentrums bei ihrem Besuch im Staatsarchiv Sigmaringen nach. Im &hellip; <\/p>","protected":false},"author":26,"featured_media":0,"comment_status":"closed","ping_status":"closed","sticky":false,"template":"","format":"standard","meta":{"footnotes":""},"categories":[1,21],"tags":[],"class_list":["post-8876","post","type-post","status-publish","format-standard","hentry","category-allgemein","category-exkursionen-und-lerngaenge"],"_links":{"self":[{"href":"https:\/\/www.schulzentrum-stetten-akm.de\/uk\/wp-json\/wp\/v2\/posts\/8876","targetHints":{"allow":["GET"]}}],"collection":[{"href":"https:\/\/www.schulzentrum-stetten-akm.de\/uk\/wp-json\/wp\/v2\/posts"}],"about":[{"href":"https:\/\/www.schulzentrum-stetten-akm.de\/uk\/wp-json\/wp\/v2\/types\/post"}],"author":[{"embeddable":true,"href":"https:\/\/www.schulzentrum-stetten-akm.de\/uk\/wp-json\/wp\/v2\/users\/26"}],"replies":[{"embeddable":true,"href":"https:\/\/www.schulzentrum-stetten-akm.de\/uk\/wp-json\/wp\/v2\/comments?post=8876"}],"version-history":[{"count":8,"href":"https:\/\/www.schulzentrum-stetten-akm.de\/uk\/wp-json\/wp\/v2\/posts\/8876\/revisions"}],"predecessor-version":[{"id":8903,"href":"https:\/\/www.schulzentrum-stetten-akm.de\/uk\/wp-json\/wp\/v2\/posts\/8876\/revisions\/8903"}],"wp:attachment":[{"href":"https:\/\/www.schulzentrum-stetten-akm.de\/uk\/wp-json\/wp\/v2\/media?parent=8876"}],"wp:term":[{"taxonomy":"category","embeddable":true,"href":"https:\/\/www.schulzentrum-stetten-akm.de\/uk\/wp-json\/wp\/v2\/categories?post=8876"},{"taxonomy":"post_tag","embeddable":true,"href":"https:\/\/www.schulzentrum-stetten-akm.de\/uk\/wp-json\/wp\/v2\/tags?post=8876"}],"curies":[{"name":"wp","href":"https:\/\/api.w.org\/{rel}","templated":true}]}}