{"id":8317,"date":"2025-07-21T16:00:35","date_gmt":"2025-07-21T14:00:35","guid":{"rendered":"https:\/\/www.schulzentrum-stetten-akm.de\/?p=8317"},"modified":"2025-07-22T07:53:16","modified_gmt":"2025-07-22T05:53:16","slug":"kohle-biber-muskelkater-ein-tag-in-der-natur","status":"publish","type":"post","link":"https:\/\/www.schulzentrum-stetten-akm.de\/uk\/kohle-biber-muskelkater-ein-tag-in-der-natur\/","title":{"rendered":"Kohle, Biber, Muskelkater \u2013 ein Tag in der Natur"},"content":{"rendered":"<p><\/p>\n\n\n\n<p>Am Mittwoch, den 16. Juli 2025, machte sich die Klasse 4a auf den Weg zu einem besonderen Lerngang: Ziel war der Kohlemeiler bei Storzingen.<\/p>\n\n\n\n<p>Nach der Busfahrt nach Storzingen wanderte die Klasse vom Ort aus auf dem Wanderweg entlang der Schmeie in Richtung Oberschmeien. Unterwegs wurden Biberbauten am Ufer entdeckt \u2013 ein spannender Anblick! Am Kohlemeiler angekommen, wurde zun\u00e4chst gevespert und ein wenig am Wasser gespielt. Einige Kinder versuchten, kleine D\u00e4mme zu bauen.<\/p>\n\n\n\n<p>Anschlie\u00dfend lauschten alle einem kindgerechten und sehr anschaulichen Vortrag des K\u00f6hlers. Die Kinder erfuhren, wie aus Holz Holzkohle entsteht, wie ein Meiler aufgebaut ist und was das Leben als K\u00f6hler fr\u00fcher bedeutete.<\/p>\n\n\n\n<p>Danach ging es sportlich weiter: Der R\u00fcckweg f\u00fchrte \u00fcber den Weckenstein mit vielen H\u00f6henmetern und dann \u00fcber Nusplingen zur\u00fcck zur Schule. Eine lange, aber eindrucksvolle Strecke, bei der alle Ausdauer zeigten.<\/p>\n\n\n\n<p>Ein abwechslungsreicher Tag, der Natur, Handwerk und Bewegung wunderbar miteinander verband.<\/p>\n\n\n\n<p>Quelle: Franziska Ritter<\/p>","protected":false},"excerpt":{"rendered":"<p>Am Mittwoch, den 16. Juli 2025, machte sich die Klasse 4a auf den Weg zu einem besonderen Lerngang: Ziel war der Kohlemeiler bei Storzingen. Nach der Busfahrt nach Storzingen wanderte &hellip; <\/p>","protected":false},"author":26,"featured_media":8318,"comment_status":"closed","ping_status":"closed","sticky":false,"template":"","format":"standard","meta":{"footnotes":""},"categories":[1,21],"tags":[],"class_list":["post-8317","post","type-post","status-publish","format-standard","has-post-thumbnail","hentry","category-allgemein","category-exkursionen-und-lerngaenge"],"_links":{"self":[{"href":"https:\/\/www.schulzentrum-stetten-akm.de\/uk\/wp-json\/wp\/v2\/posts\/8317","targetHints":{"allow":["GET"]}}],"collection":[{"href":"https:\/\/www.schulzentrum-stetten-akm.de\/uk\/wp-json\/wp\/v2\/posts"}],"about":[{"href":"https:\/\/www.schulzentrum-stetten-akm.de\/uk\/wp-json\/wp\/v2\/types\/post"}],"author":[{"embeddable":true,"href":"https:\/\/www.schulzentrum-stetten-akm.de\/uk\/wp-json\/wp\/v2\/users\/26"}],"replies":[{"embeddable":true,"href":"https:\/\/www.schulzentrum-stetten-akm.de\/uk\/wp-json\/wp\/v2\/comments?post=8317"}],"version-history":[{"count":3,"href":"https:\/\/www.schulzentrum-stetten-akm.de\/uk\/wp-json\/wp\/v2\/posts\/8317\/revisions"}],"predecessor-version":[{"id":8336,"href":"https:\/\/www.schulzentrum-stetten-akm.de\/uk\/wp-json\/wp\/v2\/posts\/8317\/revisions\/8336"}],"wp:featuredmedia":[{"embeddable":true,"href":"https:\/\/www.schulzentrum-stetten-akm.de\/uk\/wp-json\/wp\/v2\/media\/8318"}],"wp:attachment":[{"href":"https:\/\/www.schulzentrum-stetten-akm.de\/uk\/wp-json\/wp\/v2\/media?parent=8317"}],"wp:term":[{"taxonomy":"category","embeddable":true,"href":"https:\/\/www.schulzentrum-stetten-akm.de\/uk\/wp-json\/wp\/v2\/categories?post=8317"},{"taxonomy":"post_tag","embeddable":true,"href":"https:\/\/www.schulzentrum-stetten-akm.de\/uk\/wp-json\/wp\/v2\/tags?post=8317"}],"curies":[{"name":"wp","href":"https:\/\/api.w.org\/{rel}","templated":true}]}}