{"id":8238,"date":"2025-07-04T13:24:46","date_gmt":"2025-07-04T11:24:46","guid":{"rendered":"https:\/\/www.schulzentrum-stetten-akm.de\/?p=8238"},"modified":"2025-07-04T16:39:34","modified_gmt":"2025-07-04T14:39:34","slug":"starke-leistung-in-sigmaringen","status":"publish","type":"post","link":"https:\/\/www.schulzentrum-stetten-akm.de\/uk\/starke-leistung-in-sigmaringen\/","title":{"rendered":"Starke Leistung in Sigmaringen"},"content":{"rendered":"<p><\/p>\n\n\n\n<p>Am Dienstag, 1. Juli nahmen 10 M\u00e4dchen und 10 Jungen aus den Klassen 4a und 4b an den Leichtathletik-Kreismeisterschaften in Sigmaringen teil. In den Disziplinen Sprint, Weitsprung, Schlagwurf und beim Mannschafts-Staffel-Sprint zeigten alle gro\u00dfen Einsatz. Die M\u00e4dchen erreichten einen hervorragenden 3. Platz von 15 Mannschaften, die Jungen belegten den 6. Platz. Begleitet wurden die Grundsch\u00fcler von Frau Kosa und Frau Hameister. Bei hei\u00dfem Wetter sorgte eine kurze Regenpause f\u00fcr Abk\u00fchlung.<\/p>\n\n\n\n<figure class=\"wp-block-image size-large\"><img loading=\"lazy\" decoding=\"async\" width=\"1024\" height=\"768\" src=\"https:\/\/www.schulzentrum-stetten-akm.de\/wp-content\/uploads\/2025\/07\/IMG_0185-1024x768.jpeg\" alt=\"\" class=\"wp-image-8240\" srcset=\"https:\/\/www.schulzentrum-stetten-akm.de\/wp-content\/uploads\/2025\/07\/IMG_0185-1024x768.jpeg 1024w, https:\/\/www.schulzentrum-stetten-akm.de\/wp-content\/uploads\/2025\/07\/IMG_0185-300x225.jpeg 300w, https:\/\/www.schulzentrum-stetten-akm.de\/wp-content\/uploads\/2025\/07\/IMG_0185-768x576.jpeg 768w, https:\/\/www.schulzentrum-stetten-akm.de\/wp-content\/uploads\/2025\/07\/IMG_0185-16x12.jpeg 16w, https:\/\/www.schulzentrum-stetten-akm.de\/wp-content\/uploads\/2025\/07\/IMG_0185.jpeg 1365w\" sizes=\"auto, (max-width: 1024px) 100vw, 1024px\" \/><\/figure>\n\n\n\n<figure class=\"wp-block-image size-large\"><img loading=\"lazy\" decoding=\"async\" width=\"1024\" height=\"768\" src=\"https:\/\/www.schulzentrum-stetten-akm.de\/wp-content\/uploads\/2025\/07\/IMG_0189-1024x768.jpeg\" alt=\"\" class=\"wp-image-8242\" srcset=\"https:\/\/www.schulzentrum-stetten-akm.de\/wp-content\/uploads\/2025\/07\/IMG_0189-1024x768.jpeg 1024w, https:\/\/www.schulzentrum-stetten-akm.de\/wp-content\/uploads\/2025\/07\/IMG_0189-300x225.jpeg 300w, https:\/\/www.schulzentrum-stetten-akm.de\/wp-content\/uploads\/2025\/07\/IMG_0189-768x576.jpeg 768w, https:\/\/www.schulzentrum-stetten-akm.de\/wp-content\/uploads\/2025\/07\/IMG_0189-16x12.jpeg 16w, https:\/\/www.schulzentrum-stetten-akm.de\/wp-content\/uploads\/2025\/07\/IMG_0189.jpeg 1365w\" sizes=\"auto, (max-width: 1024px) 100vw, 1024px\" \/><\/figure>\n\n\n\n<p>Quelle: Bilder von Maria Kosa<\/p>","protected":false},"excerpt":{"rendered":"<p>Am Dienstag, 1. Juli nahmen 10 M\u00e4dchen und 10 Jungen aus den Klassen 4a und 4b an den Leichtathletik-Kreismeisterschaften in Sigmaringen teil. In den Disziplinen Sprint, Weitsprung, Schlagwurf und beim &hellip; <\/p>","protected":false},"author":26,"featured_media":8239,"comment_status":"closed","ping_status":"closed","sticky":false,"template":"","format":"standard","meta":{"footnotes":""},"categories":[1,23],"tags":[],"class_list":["post-8238","post","type-post","status-publish","format-standard","has-post-thumbnail","hentry","category-allgemein","category-sport"],"_links":{"self":[{"href":"https:\/\/www.schulzentrum-stetten-akm.de\/uk\/wp-json\/wp\/v2\/posts\/8238","targetHints":{"allow":["GET"]}}],"collection":[{"href":"https:\/\/www.schulzentrum-stetten-akm.de\/uk\/wp-json\/wp\/v2\/posts"}],"about":[{"href":"https:\/\/www.schulzentrum-stetten-akm.de\/uk\/wp-json\/wp\/v2\/types\/post"}],"author":[{"embeddable":true,"href":"https:\/\/www.schulzentrum-stetten-akm.de\/uk\/wp-json\/wp\/v2\/users\/26"}],"replies":[{"embeddable":true,"href":"https:\/\/www.schulzentrum-stetten-akm.de\/uk\/wp-json\/wp\/v2\/comments?post=8238"}],"version-history":[{"count":4,"href":"https:\/\/www.schulzentrum-stetten-akm.de\/uk\/wp-json\/wp\/v2\/posts\/8238\/revisions"}],"predecessor-version":[{"id":8245,"href":"https:\/\/www.schulzentrum-stetten-akm.de\/uk\/wp-json\/wp\/v2\/posts\/8238\/revisions\/8245"}],"wp:featuredmedia":[{"embeddable":true,"href":"https:\/\/www.schulzentrum-stetten-akm.de\/uk\/wp-json\/wp\/v2\/media\/8239"}],"wp:attachment":[{"href":"https:\/\/www.schulzentrum-stetten-akm.de\/uk\/wp-json\/wp\/v2\/media?parent=8238"}],"wp:term":[{"taxonomy":"category","embeddable":true,"href":"https:\/\/www.schulzentrum-stetten-akm.de\/uk\/wp-json\/wp\/v2\/categories?post=8238"},{"taxonomy":"post_tag","embeddable":true,"href":"https:\/\/www.schulzentrum-stetten-akm.de\/uk\/wp-json\/wp\/v2\/tags?post=8238"}],"curies":[{"name":"wp","href":"https:\/\/api.w.org\/{rel}","templated":true}]}}