{"id":8070,"date":"2025-04-29T17:44:28","date_gmt":"2025-04-29T15:44:28","guid":{"rendered":"https:\/\/www.schulzentrum-stetten-akm.de\/?p=8070"},"modified":"2025-04-29T18:11:08","modified_gmt":"2025-04-29T16:11:08","slug":"schueler-trifft-azubi-3","status":"publish","type":"post","link":"https:\/\/www.schulzentrum-stetten-akm.de\/uk\/schueler-trifft-azubi-3\/","title":{"rendered":"\u0423\u0447\u0435\u043d\u044c \u0437\u0443\u0441\u0442\u0440\u0456\u0447\u0430\u0454\u0442\u044c\u0441\u044f \u0437 \u0443\u0447\u043d\u0435\u043c"},"content":{"rendered":"<p><br>Am Dienstag, den 29.04.25 fand an unserer Schule die spannende Veranstaltung \u201eSch\u00fcler trifft Azubi\u201c statt, bei der insgesamt zehn namhafte Firmen aus der Region ihre T\u00fcren f\u00fcr unsere Sch\u00fclerinnen und Sch\u00fcler \u00f6ffneten. Die Firmen G\u00fchring, Groz-Beckert, Primion, Mariaberg, L\u00f6ffler Hoch + Tiefbau, Volksbank, Stingel, Hufschmied Zerspannungssysteme, Sauter Drehteile und das SRH-Klinikum boten den Jugendlichen vielf\u00e4ltige Einblicke in die Berufswelt.<br>Der Tag begann um 13:30 Uhr mit einer herzlichen Begr\u00fc\u00dfung durch unseren Schulleiter Herrn Probst. In seiner Ansprache dankte er den Firmen f\u00fcr ihr Engagement und ihre Bereitschaft, die jungen Menschen bei ihrer Berufsorientierung zu unterst\u00fctzen.<br>Im Anschluss starteten die beiden Module, die den Sch\u00fclerinnen und Sch\u00fclern die M\u00f6glichkeit boten, sich gezielt \u00fcber verschiedene Berufsbilder zu informieren. Die Jugendlichen konnten vorab ausw\u00e4hlen, welche Firmen sie besuchen m\u00f6chten, und erhielten jeweils einen Arbeitsauftrag, den sie w\u00e4hrend der Vortr\u00e4ge ausf\u00fcllen sollten. Nach 45 Minuten wechselten die Gruppen in das zweite Modul, um noch mehr Einblicke zu gewinnen.<br>Die Firmen pr\u00e4sentierten vielf\u00e4ltige Themen rund um Ausbildung, Weiterbildung und die Anforderungen in den jeweiligen Berufen. Besonders spannend waren die handlungsorientierten Aktivit\u00e4ten: Bei Mariaberg durften die Sch\u00fclerinnen und Sch\u00fcler beim Apfelessen helfen, bei der SRH-Klinik lernten sie, wie man sich richtig die H\u00e4nde desinfiziert oder den Puls misst. G\u00fchring bot die Gelegenheit, mit Werkst\u00fccken zu arbeiten und technische Fertigkeiten zu erproben.<br>Wir sind sehr dankbar f\u00fcr die gro\u00dfartige Kooperation mit den Firmen, die diesen Tag zu einem unvergesslichen Erlebnis f\u00fcr unsere Sch\u00fclerinnen und Sch\u00fcler gemacht haben. Solche Veranstaltungen tragen ma\u00dfgeblich dazu bei, die Jugendlichen bei ihrer Berufswahl zu unterst\u00fctzen und ihnen praktische Einblicke in die Arbeitswelt zu erm\u00f6glichen.<\/p>\n\n\n\n<figure class=\"wp-block-image size-full\"><img loading=\"lazy\" decoding=\"async\" width=\"1020\" height=\"765\" src=\"https:\/\/www.schulzentrum-stetten-akm.de\/wp-content\/uploads\/2025\/04\/IMG_0328.jpg\" alt=\"\" class=\"wp-image-8075\" srcset=\"https:\/\/www.schulzentrum-stetten-akm.de\/wp-content\/uploads\/2025\/04\/IMG_0328.jpg 1020w, https:\/\/www.schulzentrum-stetten-akm.de\/wp-content\/uploads\/2025\/04\/IMG_0328-300x225.jpg 300w, https:\/\/www.schulzentrum-stetten-akm.de\/wp-content\/uploads\/2025\/04\/IMG_0328-768x576.jpg 768w, https:\/\/www.schulzentrum-stetten-akm.de\/wp-content\/uploads\/2025\/04\/IMG_0328-16x12.jpg 16w\" sizes=\"auto, (max-width: 1020px) 100vw, 1020px\" \/><\/figure>\n\n\n\n<figure class=\"wp-block-image size-full\"><img loading=\"lazy\" decoding=\"async\" width=\"768\" height=\"1024\" src=\"https:\/\/www.schulzentrum-stetten-akm.de\/wp-content\/uploads\/2025\/04\/20250429_141621.jpeg\" alt=\"\" class=\"wp-image-8072\" srcset=\"https:\/\/www.schulzentrum-stetten-akm.de\/wp-content\/uploads\/2025\/04\/20250429_141621.jpeg 768w, https:\/\/www.schulzentrum-stetten-akm.de\/wp-content\/uploads\/2025\/04\/20250429_141621-225x300.jpeg 225w, https:\/\/www.schulzentrum-stetten-akm.de\/wp-content\/uploads\/2025\/04\/20250429_141621-9x12.jpeg 9w\" sizes=\"auto, (max-width: 768px) 100vw, 768px\" \/><\/figure>\n\n\n\n<p><br>Quelle: Text und Bilder von Jessica Reinberger<\/p>","protected":false},"excerpt":{"rendered":"<p>Am Dienstag, den 29.04.25 fand an unserer Schule die spannende Veranstaltung \u201eSch\u00fcler trifft Azubi\u201c statt, bei der insgesamt zehn namhafte Firmen aus der Region ihre T\u00fcren f\u00fcr unsere Sch\u00fclerinnen und &hellip; <\/p>","protected":false},"author":26,"featured_media":8074,"comment_status":"closed","ping_status":"closed","sticky":false,"template":"","format":"standard","meta":{"footnotes":""},"categories":[44,1,20],"tags":[],"class_list":["post-8070","post","type-post","status-publish","format-standard","has-post-thumbnail","hentry","category-berufsorientierung","category-allgemein","category-veranstaltungen"],"_links":{"self":[{"href":"https:\/\/www.schulzentrum-stetten-akm.de\/uk\/wp-json\/wp\/v2\/posts\/8070","targetHints":{"allow":["GET"]}}],"collection":[{"href":"https:\/\/www.schulzentrum-stetten-akm.de\/uk\/wp-json\/wp\/v2\/posts"}],"about":[{"href":"https:\/\/www.schulzentrum-stetten-akm.de\/uk\/wp-json\/wp\/v2\/types\/post"}],"author":[{"embeddable":true,"href":"https:\/\/www.schulzentrum-stetten-akm.de\/uk\/wp-json\/wp\/v2\/users\/26"}],"replies":[{"embeddable":true,"href":"https:\/\/www.schulzentrum-stetten-akm.de\/uk\/wp-json\/wp\/v2\/comments?post=8070"}],"version-history":[{"count":2,"href":"https:\/\/www.schulzentrum-stetten-akm.de\/uk\/wp-json\/wp\/v2\/posts\/8070\/revisions"}],"predecessor-version":[{"id":8076,"href":"https:\/\/www.schulzentrum-stetten-akm.de\/uk\/wp-json\/wp\/v2\/posts\/8070\/revisions\/8076"}],"wp:featuredmedia":[{"embeddable":true,"href":"https:\/\/www.schulzentrum-stetten-akm.de\/uk\/wp-json\/wp\/v2\/media\/8074"}],"wp:attachment":[{"href":"https:\/\/www.schulzentrum-stetten-akm.de\/uk\/wp-json\/wp\/v2\/media?parent=8070"}],"wp:term":[{"taxonomy":"category","embeddable":true,"href":"https:\/\/www.schulzentrum-stetten-akm.de\/uk\/wp-json\/wp\/v2\/categories?post=8070"},{"taxonomy":"post_tag","embeddable":true,"href":"https:\/\/www.schulzentrum-stetten-akm.de\/uk\/wp-json\/wp\/v2\/tags?post=8070"}],"curies":[{"name":"wp","href":"https:\/\/api.w.org\/{rel}","templated":true}]}}