{"id":8058,"date":"2025-04-27T23:16:33","date_gmt":"2025-04-27T21:16:33","guid":{"rendered":"https:\/\/www.schulzentrum-stetten-akm.de\/?p=8058"},"modified":"2025-05-19T19:46:40","modified_gmt":"2025-05-19T17:46:40","slug":"abschlussfahrt-nach-prag","status":"publish","type":"post","link":"https:\/\/www.schulzentrum-stetten-akm.de\/uk\/abschlussfahrt-nach-prag\/","title":{"rendered":"Abschlussfahrt nach Prag"},"content":{"rendered":"<h4 class=\"wp-block-heading\">Ein unvergessliches Abenteuer f\u00fcr die Abschlussklasse!<\/h4>\n\n\n\n<p><\/p>\n\n\n\n<p>In der letzten Woche vor den Osterferien hatten die beiden 10. Klassen unserer Schule die Gelegenheit, eine aufregende Abschlussfahrt nach Prag zu unternehmen. Die tschechische Hauptstadt, bekannt f\u00fcr ihre beeindruckende Architektur und reiche Geschichte, bot uns eine perfekte Kulisse f\u00fcr unvergessliche Erlebnisse und wertvolle gemeinsame Erinnerungen.<\/p>\n\n\n\n<p>Unsere Reise begann mit einer spannenden Stadtf\u00fchrung durch die Altstadt, bei der wir nicht nur die atemberaubenden Sehensw\u00fcrdigkeiten bewundern konnten, sondern auch interessante geschichtliche Hintergr\u00fcnde erfuhren. Besonders beeindruckend war die Besichtigung der Karlsbr\u00fccke, die mit ihren barocken Statuen und dem herrlichen Blick auf die Moldau ein wahrhaft magischer Ort ist.<\/p>\n\n\n\n<p>Ein weiteres Highlight war der Besuch des Jelly Fish Museums, wo wir die faszinierende Unterwasserwelt der Quallen entdecken durften.<\/p>\n\n\n\n<p>F\u00fcr den n\u00e4chsten Tag hatten wir die Wahl zwischen verschiedenen Aktivit\u00e4ten: Einige von uns entschieden sich f\u00fcr einen Besuch im Zoo, w\u00e4hrend andere die aufregende Spielhalle bevorzugten. Am Abend erkundeten wir das Alchimisten- und Magierviertel bei einer n\u00e4chtlichen Stadtf\u00fchrung, die uns in die geheimnisvolle Welt der Alchemie und Magie eintauchen lie\u00df. Der Besuch des Alchemisten- und Magiermuseums rundete dieses magische Abenteuer ab.<\/p>\n\n\n\n<p>Ein besonderes Erlebnis war die Bootstour auf der Moldau, bei der wir die Stadt aus einer ganz neuen Perspektive betrachten konnten.<\/p>\n\n\n\n<p>Ein weiteres Highlight unserer Reise war die Besichtigung der Prager Burg, die majest\u00e4tisch \u00fcber der Stadt thront und uns mit ihrer beeindruckenden Architektur und Geschichte in den Bann zog.<\/p>\n\n\n\n<p>Am letzten Tag unserer Abschlussfahrt erwartete uns ein ganz besonderes Erlebnis: Schwarzlichtminigolf! In einer fantastischen Atmosph\u00e4re spielten wir in einem leuchtenden, surrealen Ambiente und hatten dabei jede Menge Spa\u00df. Den kr\u00f6nenden Abschluss bildete ein gemeinsames Abendessen, bei dem wir die Erlebnisse der vergangenen Tage Revue passieren lie\u00dfen und uns \u00fcber die vielen sch\u00f6nen Momente austauschten.<\/p>\n\n\n\n<p>Die Abschlussfahrt nach Prag war nicht nur eine tolle Gelegenheit, unsere Klassengemeinschaft zu st\u00e4rken, sondern auch eine wertvolle Erfahrung, die uns noch lange in Erinnerung bleiben wird.<\/p>\n\n\n\n<p>Quelle: Text und Bild von Jessica Reinberger<\/p>","protected":false},"excerpt":{"rendered":"<p>Ein unvergessliches Abenteuer f\u00fcr die Abschlussklasse! In der letzten Woche vor den Osterferien hatten die beiden 10. Klassen unserer Schule die Gelegenheit, eine aufregende Abschlussfahrt nach Prag zu unternehmen. Die &hellip; <\/p>","protected":false},"author":26,"featured_media":8059,"comment_status":"closed","ping_status":"closed","sticky":false,"template":"","format":"standard","meta":{"footnotes":""},"categories":[1,21],"tags":[],"class_list":["post-8058","post","type-post","status-publish","format-standard","has-post-thumbnail","hentry","category-allgemein","category-exkursionen-und-lerngaenge"],"_links":{"self":[{"href":"https:\/\/www.schulzentrum-stetten-akm.de\/uk\/wp-json\/wp\/v2\/posts\/8058","targetHints":{"allow":["GET"]}}],"collection":[{"href":"https:\/\/www.schulzentrum-stetten-akm.de\/uk\/wp-json\/wp\/v2\/posts"}],"about":[{"href":"https:\/\/www.schulzentrum-stetten-akm.de\/uk\/wp-json\/wp\/v2\/types\/post"}],"author":[{"embeddable":true,"href":"https:\/\/www.schulzentrum-stetten-akm.de\/uk\/wp-json\/wp\/v2\/users\/26"}],"replies":[{"embeddable":true,"href":"https:\/\/www.schulzentrum-stetten-akm.de\/uk\/wp-json\/wp\/v2\/comments?post=8058"}],"version-history":[{"count":2,"href":"https:\/\/www.schulzentrum-stetten-akm.de\/uk\/wp-json\/wp\/v2\/posts\/8058\/revisions"}],"predecessor-version":[{"id":8061,"href":"https:\/\/www.schulzentrum-stetten-akm.de\/uk\/wp-json\/wp\/v2\/posts\/8058\/revisions\/8061"}],"wp:featuredmedia":[{"embeddable":true,"href":"https:\/\/www.schulzentrum-stetten-akm.de\/uk\/wp-json\/wp\/v2\/media\/8059"}],"wp:attachment":[{"href":"https:\/\/www.schulzentrum-stetten-akm.de\/uk\/wp-json\/wp\/v2\/media?parent=8058"}],"wp:term":[{"taxonomy":"category","embeddable":true,"href":"https:\/\/www.schulzentrum-stetten-akm.de\/uk\/wp-json\/wp\/v2\/categories?post=8058"},{"taxonomy":"post_tag","embeddable":true,"href":"https:\/\/www.schulzentrum-stetten-akm.de\/uk\/wp-json\/wp\/v2\/tags?post=8058"}],"curies":[{"name":"wp","href":"https:\/\/api.w.org\/{rel}","templated":true}]}}