{"id":8048,"date":"2025-04-11T17:19:41","date_gmt":"2025-04-11T15:19:41","guid":{"rendered":"https:\/\/www.schulzentrum-stetten-akm.de\/?p=8048"},"modified":"2025-05-19T19:48:26","modified_gmt":"2025-05-19T17:48:26","slug":"besuch-mit-fluegeln","status":"publish","type":"post","link":"https:\/\/www.schulzentrum-stetten-akm.de\/uk\/besuch-mit-fluegeln\/","title":{"rendered":"Besuch mit Fl\u00fcgeln"},"content":{"rendered":"<p><\/p>\n\n\n\n<p><strong>Armin Hafner und sein Wanderfalke in den dritten Klassen<\/strong><\/p>\n\n\n\n<p>Ein ganz besonderer Gast flatterte durch die Klassenzimmer der dritten Klassen: Armin Hafner kam mit einem beeindruckenden Begleiter \u2013 einem Wanderfalken, den er derzeit gesund pflegt, um ihn sp\u00e4ter wieder in die Freiheit zu entlassen. Der verletzte Fundvogel bot den Kindern die seltene Gelegenheit, einen echten Greifvogel aus n\u00e4chster N\u00e4he zu erleben.<\/p>\n\n\n\n<p>Zu Beginn erfuhren die Sch\u00fcler Spannendes \u00fcber die Entwicklung von V\u00f6geln im Allgemeinen: Wie sie sich aus dem Ei entwickeln und welche verschiedenen Arten von Greifv\u00f6geln es gibt. Im Mittelpunkt stand jedoch der Wanderfalke \u2013 das schnellste Tier der Erde. Mit atemberaubenden Fluggeschwindigkeiten von bis zu 360 km\/h st\u00f6\u00dft er im Sturzflug auf seine Beute hinab.<\/p>\n\n\n\n<p>Armin Hafner erkl\u00e4rte die Lebensweise dieses faszinierenden Tieres: Der Wanderfalke nistet in Felsspalten und jagt vor allem kleinere V\u00f6gel \u2013 besonders gerne Tauben. Auch die besonderen Sinnesorgane und das Gefieder wurden anschaulich thematisiert. Ein echtes Highlight war dabei die Brustfeder eines Adlers, die Herr Hafner mitgebracht hatte. Sie diente nicht nur zur Veranschaulichung, sondern auch als Einstieg in das Wort \u201efederleicht\u201c \u2013 ein Gef\u00fchl, das die Kinder selbst erleben durften, als sie die Feder in die Hand nahmen.<\/p>\n\n\n\n<p>Gro\u00dfe Augen gab es auch bei der Vorstellung der Falkenhaube, die dem Vogel zur Beruhigung aufgesetzt wird. Mit viel Geduld und Fachwissen erkl\u00e4rte Armin Hafner, warum diese Haube wichtig ist und wie sie funktioniert.<\/p>\n\n\n\n<p>Neben dem Wanderfalken erfuhren die Kinder auch Wissenswertes \u00fcber weitere beeindruckende Greifv\u00f6gel: den Rotmilan, dessen gr\u00f6\u00dfte Vorkommen in Baden-W\u00fcrttemberg liegen, und den Kondor \u2013 den gr\u00f6\u00dften Greifvogel der Welt.<\/p>\n\n\n\n<p>Besonders eindrucksvoll war Hafners Imitation der Vogelstimmen von Uhu und Kuckuck \u2013 da staunte nicht nur das junge Publikum.<\/p>\n\n\n\n<p>Zum Abschluss konnten die Kinder in einer Fragerunde all das loswerden, was ihnen noch auf dem Herzen lag. Das gro\u00dfe Interesse und die vielen begeisterten Gesichter zeigten: Dieser Besuch wird den Kindern noch lange in Erinnerung bleiben.<\/p>\n\n\n\n<p>Quelle: Renate Biselli<\/p>","protected":false},"excerpt":{"rendered":"<p>Armin Hafner und sein Wanderfalke in den dritten Klassen Ein ganz besonderer Gast flatterte durch die Klassenzimmer der dritten Klassen: Armin Hafner kam mit einem beeindruckenden Begleiter \u2013 einem Wanderfalken, &hellip; <\/p>","protected":false},"author":26,"featured_media":8050,"comment_status":"closed","ping_status":"closed","sticky":false,"template":"","format":"standard","meta":{"footnotes":""},"categories":[1,22],"tags":[],"class_list":["post-8048","post","type-post","status-publish","format-standard","has-post-thumbnail","hentry","category-allgemein","category-schulalltag"],"_links":{"self":[{"href":"https:\/\/www.schulzentrum-stetten-akm.de\/uk\/wp-json\/wp\/v2\/posts\/8048","targetHints":{"allow":["GET"]}}],"collection":[{"href":"https:\/\/www.schulzentrum-stetten-akm.de\/uk\/wp-json\/wp\/v2\/posts"}],"about":[{"href":"https:\/\/www.schulzentrum-stetten-akm.de\/uk\/wp-json\/wp\/v2\/types\/post"}],"author":[{"embeddable":true,"href":"https:\/\/www.schulzentrum-stetten-akm.de\/uk\/wp-json\/wp\/v2\/users\/26"}],"replies":[{"embeddable":true,"href":"https:\/\/www.schulzentrum-stetten-akm.de\/uk\/wp-json\/wp\/v2\/comments?post=8048"}],"version-history":[{"count":2,"href":"https:\/\/www.schulzentrum-stetten-akm.de\/uk\/wp-json\/wp\/v2\/posts\/8048\/revisions"}],"predecessor-version":[{"id":8052,"href":"https:\/\/www.schulzentrum-stetten-akm.de\/uk\/wp-json\/wp\/v2\/posts\/8048\/revisions\/8052"}],"wp:featuredmedia":[{"embeddable":true,"href":"https:\/\/www.schulzentrum-stetten-akm.de\/uk\/wp-json\/wp\/v2\/media\/8050"}],"wp:attachment":[{"href":"https:\/\/www.schulzentrum-stetten-akm.de\/uk\/wp-json\/wp\/v2\/media?parent=8048"}],"wp:term":[{"taxonomy":"category","embeddable":true,"href":"https:\/\/www.schulzentrum-stetten-akm.de\/uk\/wp-json\/wp\/v2\/categories?post=8048"},{"taxonomy":"post_tag","embeddable":true,"href":"https:\/\/www.schulzentrum-stetten-akm.de\/uk\/wp-json\/wp\/v2\/tags?post=8048"}],"curies":[{"name":"wp","href":"https:\/\/api.w.org\/{rel}","templated":true}]}}