{"id":8001,"date":"2025-03-19T18:46:30","date_gmt":"2025-03-19T17:46:30","guid":{"rendered":"https:\/\/www.schulzentrum-stetten-akm.de\/?p=8001"},"modified":"2025-03-19T19:03:24","modified_gmt":"2025-03-19T18:03:24","slug":"lerngruppe-5-3-entdeckt-die-stadtbuecherei-albstadt","status":"publish","type":"post","link":"https:\/\/www.schulzentrum-stetten-akm.de\/uk\/lerngruppe-5-3-entdeckt-die-stadtbuecherei-albstadt\/","title":{"rendered":"Lerngruppe 5.3 entdeckt die Stadtb\u00fccherei Albstadt"},"content":{"rendered":"<p><\/p>\n\n\n\n<p>Am Donnerstag, den 13. M\u00e4rz 2025, erlebte die Lerngruppe 5.3 des Schulzentrums Stetten am kalten Markt einen spannenden und lehrreichen Vormittag in der Stadtb\u00fccherei Albstadt. Im Rahmen eines Lerngangs tauchten die Sch\u00fcler in die faszinierende Welt der B\u00fccher und Medien ein.<\/p>\n\n\n\n<p>Zu Beginn wurden die Kinder von Frau Stepper herzlich empfangen und erhielten eine informative Einf\u00fchrung in die Nutzung der B\u00fccherei. Besonders begeistert waren die Sch\u00fcler von der B\u00fcchereirallye. Dabei durchstreiften sie auf spielerische Weise die verschiedenen Bereiche der B\u00fccherei, l\u00f6sten mit Eifer die gestellten Aufgaben und entdeckten dabei viele interessante B\u00fccher, H\u00f6rb\u00fccher und andere Medien.<\/p>\n\n\n\n<p>Dar\u00fcber hinaus erfuhren die Kinder, wie B\u00fccher ausgeliehen werden, welche Medien in der B\u00fccherei zur Verf\u00fcgung stehen und wie man sich in diesem besonderen Lernumfeld zurechtfindet.<\/p>\n\n\n\n<p>Der Besuch der Stadtb\u00fccherei als au\u00dferschulischer Lernort war eine wertvolle Gelegenheit f\u00fcr die Sch\u00fcler, selbstst\u00e4ndig und mit Freude zu lernen. Die spielerische Auseinandersetzung mit dem Thema Lesen und B\u00fccher trug ma\u00dfgeblich dazu bei, das Interesse der Sch\u00fcler am Lesen zu f\u00f6rdern.<\/p>\n\n\n\n<p>Am Ende des Ausflugs waren sich alle einig: Der Vormittag in der Stadtb\u00fccherei war eine abwechslungsreiche und bereichernde Erfahrung, die den Schulalltag auf positive Weise erg\u00e4nzte.<\/p>\n\n\n\n<p>Quelle: Sarah Birkhofer<\/p>\n\n\n\n<hr class=\"wp-block-separator has-alpha-channel-opacity\"\/>","protected":false},"excerpt":{"rendered":"<p>Am Donnerstag, den 13. M\u00e4rz 2025, erlebte die Lerngruppe 5.3 des Schulzentrums Stetten am kalten Markt einen spannenden und lehrreichen Vormittag in der Stadtb\u00fccherei Albstadt. Im Rahmen eines Lerngangs tauchten &hellip; <\/p>","protected":false},"author":26,"featured_media":8005,"comment_status":"closed","ping_status":"closed","sticky":false,"template":"","format":"standard","meta":{"footnotes":""},"categories":[1,21],"tags":[],"class_list":["post-8001","post","type-post","status-publish","format-standard","has-post-thumbnail","hentry","category-allgemein","category-exkursionen-und-lerngaenge"],"_links":{"self":[{"href":"https:\/\/www.schulzentrum-stetten-akm.de\/uk\/wp-json\/wp\/v2\/posts\/8001","targetHints":{"allow":["GET"]}}],"collection":[{"href":"https:\/\/www.schulzentrum-stetten-akm.de\/uk\/wp-json\/wp\/v2\/posts"}],"about":[{"href":"https:\/\/www.schulzentrum-stetten-akm.de\/uk\/wp-json\/wp\/v2\/types\/post"}],"author":[{"embeddable":true,"href":"https:\/\/www.schulzentrum-stetten-akm.de\/uk\/wp-json\/wp\/v2\/users\/26"}],"replies":[{"embeddable":true,"href":"https:\/\/www.schulzentrum-stetten-akm.de\/uk\/wp-json\/wp\/v2\/comments?post=8001"}],"version-history":[{"count":2,"href":"https:\/\/www.schulzentrum-stetten-akm.de\/uk\/wp-json\/wp\/v2\/posts\/8001\/revisions"}],"predecessor-version":[{"id":8006,"href":"https:\/\/www.schulzentrum-stetten-akm.de\/uk\/wp-json\/wp\/v2\/posts\/8001\/revisions\/8006"}],"wp:featuredmedia":[{"embeddable":true,"href":"https:\/\/www.schulzentrum-stetten-akm.de\/uk\/wp-json\/wp\/v2\/media\/8005"}],"wp:attachment":[{"href":"https:\/\/www.schulzentrum-stetten-akm.de\/uk\/wp-json\/wp\/v2\/media?parent=8001"}],"wp:term":[{"taxonomy":"category","embeddable":true,"href":"https:\/\/www.schulzentrum-stetten-akm.de\/uk\/wp-json\/wp\/v2\/categories?post=8001"},{"taxonomy":"post_tag","embeddable":true,"href":"https:\/\/www.schulzentrum-stetten-akm.de\/uk\/wp-json\/wp\/v2\/tags?post=8001"}],"curies":[{"name":"wp","href":"https:\/\/api.w.org\/{rel}","templated":true}]}}