{"id":7891,"date":"2025-02-24T13:54:28","date_gmt":"2025-02-24T12:54:28","guid":{"rendered":"https:\/\/www.schulzentrum-stetten-akm.de\/?p=7891"},"modified":"2025-02-24T13:54:30","modified_gmt":"2025-02-24T12:54:30","slug":"besuch-im-srh-klinikum","status":"publish","type":"post","link":"https:\/\/www.schulzentrum-stetten-akm.de\/uk\/besuch-im-srh-klinikum\/","title":{"rendered":"Besuch im SRH-Klinikum"},"content":{"rendered":"<p><\/p>\n\n\n\n<p>Am Donnerstag, den 13.02.2025, und 20.02.2025 besuchten die Lerngruppen 7.1 und 7.2 das SRH-Klinikum, unseren langj\u00e4hrigen Kooperationspartner. Der j\u00e4hrliche Besuch ist ein fester Bestandteil des Kooperationsvertrags zwischen dem Schulzentrum Stetten und dem SRH-Klinikum.<\/p>\n\n\n\n<p>Zur Begr\u00fc\u00dfung wurden wir herzlich empfangen und mit einem reichhaltigen Fr\u00fchst\u00fcck aus Butterbrezeln, Obst, Wasser und Tee versorgt. Anschlie\u00dfend erhielten die Sch\u00fclerinnen und Sch\u00fcler einen \u00dcberblick \u00fcber die verschiedenen Berufe im SRH-Klinikum. Die Ausbildungsm\u00f6glichkeiten wurden durch anschauliche Videos n\u00e4hergebracht, w\u00e4hrend die Lernenden parallel dazu ihre vorbereiteten Arbeitsbl\u00e4tter ausf\u00fcllten.<\/p>\n\n\n\n<p>Nach dieser Einf\u00fchrung folgte eine spannende F\u00fchrung durch das Krankenhaus und seine unterschiedlichen Abteilungen. Dabei gab es viel zu entdecken \u2013 von der Einstufung in der Notaufnahme \u00fcber die beruhigende Deckenbeleuchtung im Aufwachraum bis hin zum beeindruckenden Helikopter-Landeplatz.<\/p>\n\n\n\n<p>Im Anschluss erwartete die Lerngruppen eine praxisnahe Stationsarbeit, die von zwei Auszubildenden begleitet wurde. Hier konnten die Sch\u00fclerinnen und Sch\u00fcler verschiedene T\u00e4tigkeiten selbst ausprobieren: die sogenannte Fiesta-Stellung im Krankenhausbett testen, Blutdruck und Sauerstoffs\u00e4ttigung mit einem speziellen Ger\u00e4t messen, witzige Fotos im Stationsoutfit machen und die richtige H\u00e4ndedesinfektion unter UV-Licht \u00fcberpr\u00fcfen.<\/p>\n\n\n\n<p>Zum Abschluss erhielten alle Teilnehmenden kleine Geschenke als Erinnerung an diesen besonderen Tag. Das Highlight war ein Textmarker in Form einer Spritze \u2013 eine kreative und passende \u00dcberraschung!<\/p>\n\n\n\n<p>Ein herzlicher Dank gilt dem SRH-Klinikum f\u00fcr die spannende und lehrreiche Erfahrung. Wir freuen uns schon auf den n\u00e4chsten Besuch!<\/p>\n\n\n\n<figure class=\"wp-block-image size-large\"><img loading=\"lazy\" decoding=\"async\" width=\"768\" height=\"1024\" src=\"https:\/\/www.schulzentrum-stetten-akm.de\/wp-content\/uploads\/2025\/02\/IMG_0276-768x1024.jpeg\" alt=\"\" class=\"wp-image-7895\" srcset=\"https:\/\/www.schulzentrum-stetten-akm.de\/wp-content\/uploads\/2025\/02\/IMG_0276-768x1024.jpeg 768w, https:\/\/www.schulzentrum-stetten-akm.de\/wp-content\/uploads\/2025\/02\/IMG_0276-225x300.jpeg 225w, https:\/\/www.schulzentrum-stetten-akm.de\/wp-content\/uploads\/2025\/02\/IMG_0276-1152x1536.jpeg 1152w, https:\/\/www.schulzentrum-stetten-akm.de\/wp-content\/uploads\/2025\/02\/IMG_0276-scaled.jpeg 1536w, https:\/\/www.schulzentrum-stetten-akm.de\/wp-content\/uploads\/2025\/02\/IMG_0276-9x12.jpeg 9w\" sizes=\"auto, (max-width: 768px) 100vw, 768px\" \/><\/figure>\n\n\n\n<figure class=\"wp-block-image size-large is-resized\"><img loading=\"lazy\" decoding=\"async\" width=\"768\" height=\"1024\" src=\"https:\/\/www.schulzentrum-stetten-akm.de\/wp-content\/uploads\/2025\/02\/IMG_0278-768x1024.jpeg\" alt=\"\" class=\"wp-image-7893\" style=\"width:960px;height:auto\" srcset=\"https:\/\/www.schulzentrum-stetten-akm.de\/wp-content\/uploads\/2025\/02\/IMG_0278-768x1024.jpeg 768w, https:\/\/www.schulzentrum-stetten-akm.de\/wp-content\/uploads\/2025\/02\/IMG_0278-225x300.jpeg 225w, https:\/\/www.schulzentrum-stetten-akm.de\/wp-content\/uploads\/2025\/02\/IMG_0278-1152x1536.jpeg 1152w, https:\/\/www.schulzentrum-stetten-akm.de\/wp-content\/uploads\/2025\/02\/IMG_0278-scaled.jpeg 1536w, https:\/\/www.schulzentrum-stetten-akm.de\/wp-content\/uploads\/2025\/02\/IMG_0278-9x12.jpeg 9w\" sizes=\"auto, (max-width: 768px) 100vw, 768px\" \/><\/figure>\n\n\n\n<figure class=\"wp-block-image size-large\"><img loading=\"lazy\" decoding=\"async\" width=\"768\" height=\"1024\" src=\"https:\/\/www.schulzentrum-stetten-akm.de\/wp-content\/uploads\/2025\/02\/IMG_0277-768x1024.jpeg\" alt=\"\" class=\"wp-image-7894\" srcset=\"https:\/\/www.schulzentrum-stetten-akm.de\/wp-content\/uploads\/2025\/02\/IMG_0277-768x1024.jpeg 768w, https:\/\/www.schulzentrum-stetten-akm.de\/wp-content\/uploads\/2025\/02\/IMG_0277-225x300.jpeg 225w, https:\/\/www.schulzentrum-stetten-akm.de\/wp-content\/uploads\/2025\/02\/IMG_0277-1152x1536.jpeg 1152w, https:\/\/www.schulzentrum-stetten-akm.de\/wp-content\/uploads\/2025\/02\/IMG_0277-scaled.jpeg 1536w, https:\/\/www.schulzentrum-stetten-akm.de\/wp-content\/uploads\/2025\/02\/IMG_0277-9x12.jpeg 9w\" sizes=\"auto, (max-width: 768px) 100vw, 768px\" \/><\/figure>\n\n\n\n<figure class=\"wp-block-image size-large\"><img loading=\"lazy\" decoding=\"async\" width=\"1024\" height=\"768\" src=\"https:\/\/www.schulzentrum-stetten-akm.de\/wp-content\/uploads\/2025\/02\/IMG_0273-1024x768.jpeg\" alt=\"\" class=\"wp-image-7892\" srcset=\"https:\/\/www.schulzentrum-stetten-akm.de\/wp-content\/uploads\/2025\/02\/IMG_0273-1024x768.jpeg 1024w, https:\/\/www.schulzentrum-stetten-akm.de\/wp-content\/uploads\/2025\/02\/IMG_0273-300x225.jpeg 300w, https:\/\/www.schulzentrum-stetten-akm.de\/wp-content\/uploads\/2025\/02\/IMG_0273-768x576.jpeg 768w, https:\/\/www.schulzentrum-stetten-akm.de\/wp-content\/uploads\/2025\/02\/IMG_0273-1536x1152.jpeg 1536w, https:\/\/www.schulzentrum-stetten-akm.de\/wp-content\/uploads\/2025\/02\/IMG_0273-scaled.jpeg 2048w, https:\/\/www.schulzentrum-stetten-akm.de\/wp-content\/uploads\/2025\/02\/IMG_0273-16x12.jpeg 16w\" sizes=\"auto, (max-width: 1024px) 100vw, 1024px\" \/><\/figure>\n\n\n\n<figure class=\"wp-block-image size-large\"><img loading=\"lazy\" decoding=\"async\" width=\"1024\" height=\"768\" src=\"https:\/\/www.schulzentrum-stetten-akm.de\/wp-content\/uploads\/2025\/02\/IMG_0274-1024x768.jpeg\" alt=\"\" class=\"wp-image-7897\" srcset=\"https:\/\/www.schulzentrum-stetten-akm.de\/wp-content\/uploads\/2025\/02\/IMG_0274-1024x768.jpeg 1024w, https:\/\/www.schulzentrum-stetten-akm.de\/wp-content\/uploads\/2025\/02\/IMG_0274-300x225.jpeg 300w, https:\/\/www.schulzentrum-stetten-akm.de\/wp-content\/uploads\/2025\/02\/IMG_0274-768x576.jpeg 768w, https:\/\/www.schulzentrum-stetten-akm.de\/wp-content\/uploads\/2025\/02\/IMG_0274-1536x1152.jpeg 1536w, https:\/\/www.schulzentrum-stetten-akm.de\/wp-content\/uploads\/2025\/02\/IMG_0274-scaled.jpeg 2048w, https:\/\/www.schulzentrum-stetten-akm.de\/wp-content\/uploads\/2025\/02\/IMG_0274-16x12.jpeg 16w\" sizes=\"auto, (max-width: 1024px) 100vw, 1024px\" \/><\/figure>\n\n\n\n<p>Quelle: Jessica Reinberger<\/p>\n\n\n\n<p><\/p>","protected":false},"excerpt":{"rendered":"<p>Am Donnerstag, den 13.02.2025, und 20.02.2025 besuchten die Lerngruppen 7.1 und 7.2 das SRH-Klinikum, unseren langj\u00e4hrigen Kooperationspartner. Der j\u00e4hrliche Besuch ist ein fester Bestandteil des Kooperationsvertrags zwischen dem Schulzentrum Stetten &hellip; <\/p>","protected":false},"author":26,"featured_media":7896,"comment_status":"closed","ping_status":"closed","sticky":false,"template":"","format":"standard","meta":{"footnotes":""},"categories":[44,1,21],"tags":[],"class_list":["post-7891","post","type-post","status-publish","format-standard","has-post-thumbnail","hentry","category-berufsorientierung","category-allgemein","category-exkursionen-und-lerngaenge"],"_links":{"self":[{"href":"https:\/\/www.schulzentrum-stetten-akm.de\/uk\/wp-json\/wp\/v2\/posts\/7891","targetHints":{"allow":["GET"]}}],"collection":[{"href":"https:\/\/www.schulzentrum-stetten-akm.de\/uk\/wp-json\/wp\/v2\/posts"}],"about":[{"href":"https:\/\/www.schulzentrum-stetten-akm.de\/uk\/wp-json\/wp\/v2\/types\/post"}],"author":[{"embeddable":true,"href":"https:\/\/www.schulzentrum-stetten-akm.de\/uk\/wp-json\/wp\/v2\/users\/26"}],"replies":[{"embeddable":true,"href":"https:\/\/www.schulzentrum-stetten-akm.de\/uk\/wp-json\/wp\/v2\/comments?post=7891"}],"version-history":[{"count":1,"href":"https:\/\/www.schulzentrum-stetten-akm.de\/uk\/wp-json\/wp\/v2\/posts\/7891\/revisions"}],"predecessor-version":[{"id":7898,"href":"https:\/\/www.schulzentrum-stetten-akm.de\/uk\/wp-json\/wp\/v2\/posts\/7891\/revisions\/7898"}],"wp:featuredmedia":[{"embeddable":true,"href":"https:\/\/www.schulzentrum-stetten-akm.de\/uk\/wp-json\/wp\/v2\/media\/7896"}],"wp:attachment":[{"href":"https:\/\/www.schulzentrum-stetten-akm.de\/uk\/wp-json\/wp\/v2\/media?parent=7891"}],"wp:term":[{"taxonomy":"category","embeddable":true,"href":"https:\/\/www.schulzentrum-stetten-akm.de\/uk\/wp-json\/wp\/v2\/categories?post=7891"},{"taxonomy":"post_tag","embeddable":true,"href":"https:\/\/www.schulzentrum-stetten-akm.de\/uk\/wp-json\/wp\/v2\/tags?post=7891"}],"curies":[{"name":"wp","href":"https:\/\/api.w.org\/{rel}","templated":true}]}}