{"id":7647,"date":"2024-12-09T14:25:41","date_gmt":"2024-12-09T13:25:41","guid":{"rendered":"https:\/\/www.schulzentrum-stetten-akm.de\/?p=7647"},"modified":"2024-12-09T17:34:52","modified_gmt":"2024-12-09T16:34:52","slug":"schulzentrum-stetten-a-k-m-gewinnt-werkstatt-modelleisenbahn","status":"publish","type":"post","link":"https:\/\/www.schulzentrum-stetten-akm.de\/uk\/schulzentrum-stetten-a-k-m-gewinnt-werkstatt-modelleisenbahn\/","title":{"rendered":"Schulzentrum gewinnt \u201eWerkstatt Modelleisenbahn\u201c"},"content":{"rendered":"<p><\/p>\n\n\n\n<p><\/p>\n\n\n\n<p><\/p>\n\n\n\n<p>Stetten a.k.M. (gfe) Vorweihnachtliche \u00dcberraschung im Stettener Schulzentrum: Die bundesweite Initiative \u201eSpielen macht Schule\u201c stattet das hiesige Schulzentrum mit einem umfangreichen Modeleisenbahn-Produktpaket aus. Die Freude bei Sch\u00fclerinnen und Sch\u00fclern und ihren Betreuerinnen ist nat\u00fcrlich gro\u00df.<\/p>\n\n\n\n<p>Dank eines originellen und wohl durchdachten Konzepts, das im Rahmen der Ganztagsbetreuung an der Grundschule von Manuela Keller erarbeitet wurde, gewann das Schulzentrum eine komplette Produktausstattung der namhaften Hersteller wie Auhagen, Busch, Faller, M\u00e4rklin, Noch und Viessmann: \u201eDamit l\u00e4sst sich nun eine tolle \u201eWerkstatt Modelleisenbahn\u201c aufbauen\u201c, freut sich Manuela Keller im Gespr\u00e4ch mit dem S\u00dcDKURIER.&nbsp;<\/p>\n\n\n\n<p>Deren Bedeutung unterstreicht auch Dr. Petra Arndt, Gesch\u00e4ftsf\u00fchrende Gesamtleitung des ZNL Transferzentrum f\u00fcr Neurowissenschaft und Lernen, bei der Bekanntgabe der Gewinner: \u201eDer Aufbau einer Modelleisenbahnanlage stellt Kinder vor handfeste Herausforderungen, an deren \u00dcberwindung sie und ihre F\u00e4higkeiten wachsen k\u00f6nnen\u201c, so Arndt. Der handfeste Umgang mit Dingen, Kreativit\u00e4t, Geschicklichkeit und das Erlebnis von \u201eIch kann das\u201c zeigten nicht nur, dass gelernt wurde, sie w\u00fcrden auch die Basis f\u00fcr dauerhafte Freude am Lernen bilden. Die Zusammenarbeit mit anderen und die Freude am gemeinsamen Werk st\u00e4rke ganz nebenbei die F\u00e4higkeit zur Teamarbeit: \u201eModelleisenbahnen verk\u00f6rpern Lernen und Faszination als Motor der Entwicklung\u201c, betonte Arndt.&nbsp;<\/p>\n\n\n\n<p>Das Schulzentrum Stetten a.k.M. hatte sich am diesj\u00e4hrigen Aufruf der Initiative beteiligt und das Konzept eingereicht, in dem die Ideen und Vorstellungen der Schule rund um die \u201eWerkstatt Modelleisenbahn\u201c vorgestellt wurden: \u201eDas Konzept von Manuela Keller fand offenbar gro\u00dfe Zustimmung bei der Jury\u201c, freut sich Rektor Christof Probst, dass das hiesige Schulzentrum zu den insgesamt 60 Gewinnern geh\u00f6rt, deren Ideen in diesem Jahr pr\u00e4miert wurden. Kinder im Ganztagesangebot der Grundschule der Klassen eins bis vier h\u00e4tten nun die M\u00f6glichkeit eine Modelleisenbahnlandschaft mit H\u00e4uschen, Industriegebiet, Bahnhof und dergleichen zu erschaffen: \u201eDem kommen die Kinder auch mit sehr gro\u00dfer Begeisterung nach\u201c, freut sich Manuela Keller. Sie und ihre betreuenden Kolleginnen schildern voller Gl\u00fcck, wie konzentriert und genau sich die Kinder mit den einzelnen Dingen besch\u00e4ftigen und wie viel Freude sie \u201ejetzt schon\u201c mit der Modelleisenbahn haben, obwohl im Moment noch alles etwas provisorisch sei: \u201eDemn\u00e4chst bekommen wir eine riesige Holzplatte, die in einen gro\u00dfen Raum kommt, in dem wir die Modelleisenbahn dann dauerhaft stehen lassen k\u00f6nnen\u201c, freuen sich die Betreuerinnen.&nbsp;<\/p>\n\n\n\n<p>Info-Kasten:<\/p>\n\n\n\n<p>Die Initiative \u201eSpielen macht Schule\u201c wurde vom Verein \u201eMehr Zeit f\u00fcr Kinder\u201c und dem ZNL Transferzentrum f\u00fcr Neurowissenschaften und Lernen gemeinsam ins Leben gerufen. Unterst\u00fctzt wird die Initiative, die in diesem Jahr zum 18. Mal ausgeschrieben wurde\u201c von den 16 Kultusministerien.&nbsp;&nbsp;&nbsp;&nbsp;&nbsp;<\/p>\n\n\n\n<p>\u041f\u0456\u0434\u043f\u0438\u0441:&nbsp;<\/p>\n\n\n\n<pre class=\"wp-block-preformatted\">Die Freude ist bei den Ganztagssch\u00fclern und ihren Betreuerinnen gleicherma\u00dfen gro\u00df. Im Bild sind die Kids (von links): Emir, Houda, Ramzi, Lia, Pepe, Phil, Freya, Eleonora, Luna, Nicko und Wisdom sowie die Betreuerinnen (von links):&nbsp; Manu Keller, Hanna Fleck, Vero Marchese, Giuli Flegler sowie Anja Holdenried.<\/pre>\n\n\n\n<pre class=\"wp-block-preformatted\">&nbsp;<\/pre>\n\n\n\n<p>Quelle: Text und Bilder von Gerd Feuerstein S\u00dcDKURIER<\/p>","protected":false},"excerpt":{"rendered":"<p>Stetten a.k.M. (gfe) Vorweihnachtliche \u00dcberraschung im Stettener Schulzentrum: Die bundesweite Initiative \u201eSpielen macht Schule\u201c stattet das hiesige Schulzentrum mit einem umfangreichen Modeleisenbahn-Produktpaket aus. Die Freude bei Sch\u00fclerinnen und Sch\u00fclern und &hellip; <\/p>","protected":false},"author":26,"featured_media":7648,"comment_status":"closed","ping_status":"closed","sticky":false,"template":"","format":"standard","meta":{"footnotes":""},"categories":[1,22],"tags":[],"class_list":["post-7647","post","type-post","status-publish","format-standard","has-post-thumbnail","hentry","category-allgemein","category-schulalltag"],"_links":{"self":[{"href":"https:\/\/www.schulzentrum-stetten-akm.de\/uk\/wp-json\/wp\/v2\/posts\/7647","targetHints":{"allow":["GET"]}}],"collection":[{"href":"https:\/\/www.schulzentrum-stetten-akm.de\/uk\/wp-json\/wp\/v2\/posts"}],"about":[{"href":"https:\/\/www.schulzentrum-stetten-akm.de\/uk\/wp-json\/wp\/v2\/types\/post"}],"author":[{"embeddable":true,"href":"https:\/\/www.schulzentrum-stetten-akm.de\/uk\/wp-json\/wp\/v2\/users\/26"}],"replies":[{"embeddable":true,"href":"https:\/\/www.schulzentrum-stetten-akm.de\/uk\/wp-json\/wp\/v2\/comments?post=7647"}],"version-history":[{"count":2,"href":"https:\/\/www.schulzentrum-stetten-akm.de\/uk\/wp-json\/wp\/v2\/posts\/7647\/revisions"}],"predecessor-version":[{"id":7653,"href":"https:\/\/www.schulzentrum-stetten-akm.de\/uk\/wp-json\/wp\/v2\/posts\/7647\/revisions\/7653"}],"wp:featuredmedia":[{"embeddable":true,"href":"https:\/\/www.schulzentrum-stetten-akm.de\/uk\/wp-json\/wp\/v2\/media\/7648"}],"wp:attachment":[{"href":"https:\/\/www.schulzentrum-stetten-akm.de\/uk\/wp-json\/wp\/v2\/media?parent=7647"}],"wp:term":[{"taxonomy":"category","embeddable":true,"href":"https:\/\/www.schulzentrum-stetten-akm.de\/uk\/wp-json\/wp\/v2\/categories?post=7647"},{"taxonomy":"post_tag","embeddable":true,"href":"https:\/\/www.schulzentrum-stetten-akm.de\/uk\/wp-json\/wp\/v2\/tags?post=7647"}],"curies":[{"name":"wp","href":"https:\/\/api.w.org\/{rel}","templated":true}]}}