{"id":7464,"date":"2024-11-02T16:08:58","date_gmt":"2024-11-02T15:08:58","guid":{"rendered":"https:\/\/www.schulzentrum-stetten-akm.de\/?p=7464"},"modified":"2024-12-22T17:22:18","modified_gmt":"2024-12-22T16:22:18","slug":"lerngang-zum-rathaus","status":"publish","type":"post","link":"https:\/\/www.schulzentrum-stetten-akm.de\/uk\/lerngang-zum-rathaus\/","title":{"rendered":"Lerngang zum Rathaus"},"content":{"rendered":"<p>Am Freitag, den 11. Oktober 2024, machten die Klassen 4a und 4b des Schulzentrums eine spannende Exkursion ins Stettener Rathaus. Im Rahmen des Sachunterrichts erhielten die Sch\u00fcler einen interessanten Einblick in die verschiedenen Abteilungen der Gemeindeverwaltung.<\/p>\n\n\n\n<p>Frau Tyrann, die die beiden Klassen durch das Rathaus f\u00fchrte, zeigte den Kindern das Einwohnermeldeamt, das Standesamt, den Sitzungssaal, das Bauamt und die Finanzverwaltung. Besonders neugierig stellten die Sch\u00fcler viele Fragen zu den unterschiedlichen Aufgabenbereichen und Arbeitsabl\u00e4ufen der st\u00e4dtischen \u00c4mter.<\/p>\n\n\n\n<p>Im Einwohnermeldeamt erkl\u00e4rte Frau Marchese-Kittner den Kindern den Ablauf einer Wohnsitzanmeldung und gab Einblicke in den Verwaltungsalltag. Im Standesamt war das Thema \u201eHeiraten\u201c von gro\u00dfem Interesse. Die Kinder durften auch einen Blick in alte Standesamtsb\u00fccher werfen, was sehr faszinierend war.<\/p>\n\n\n\n<p>Ein weiteres Highlight war der Besuch der Finanzverwaltung, wo die Kinder gespannt zuschauten, wie der Tresor ge\u00f6ffnet wurde. Auch wenn sie leider kein gro\u00dfes Bargeld entdeckten, waren die  Sch\u00fcler dennoch beeindruckt von den verschiedenen Aufgaben der Finanzverwaltung.<\/p>\n\n\n\n<p>Zum Abschluss der interessanten F\u00fchrung erhielten alle Kinder ein kleines Geschenk als Erinnerung an den lehrreichen Tag.<\/p>\n\n\n\n<p>Die Exkursion war ein voller Erfolg und erm\u00f6glichte den Viertkl\u00e4sslern einen anschaulichen Einblick in die wichtige Arbeit der Gemeindeverwaltung.<\/p>\n\n\n\n<hr class=\"wp-block-separator has-alpha-channel-opacity\"\/>\n\n\n\n<p>Quelle: Text und Bild von Franziska Ritter<\/p>","protected":false},"excerpt":{"rendered":"<p>Am Freitag, den 11. Oktober 2024, machten die Klassen 4a und 4b des Schulzentrums eine spannende Exkursion ins Stettener Rathaus. Im Rahmen des Sachunterrichts erhielten die Sch\u00fcler einen interessanten Einblick &hellip; <\/p>","protected":false},"author":26,"featured_media":7465,"comment_status":"closed","ping_status":"closed","sticky":false,"template":"","format":"standard","meta":{"footnotes":""},"categories":[1,21],"tags":[],"class_list":["post-7464","post","type-post","status-publish","format-standard","has-post-thumbnail","hentry","category-allgemein","category-exkursionen-und-lerngaenge"],"_links":{"self":[{"href":"https:\/\/www.schulzentrum-stetten-akm.de\/uk\/wp-json\/wp\/v2\/posts\/7464","targetHints":{"allow":["GET"]}}],"collection":[{"href":"https:\/\/www.schulzentrum-stetten-akm.de\/uk\/wp-json\/wp\/v2\/posts"}],"about":[{"href":"https:\/\/www.schulzentrum-stetten-akm.de\/uk\/wp-json\/wp\/v2\/types\/post"}],"author":[{"embeddable":true,"href":"https:\/\/www.schulzentrum-stetten-akm.de\/uk\/wp-json\/wp\/v2\/users\/26"}],"replies":[{"embeddable":true,"href":"https:\/\/www.schulzentrum-stetten-akm.de\/uk\/wp-json\/wp\/v2\/comments?post=7464"}],"version-history":[{"count":4,"href":"https:\/\/www.schulzentrum-stetten-akm.de\/uk\/wp-json\/wp\/v2\/posts\/7464\/revisions"}],"predecessor-version":[{"id":7747,"href":"https:\/\/www.schulzentrum-stetten-akm.de\/uk\/wp-json\/wp\/v2\/posts\/7464\/revisions\/7747"}],"wp:featuredmedia":[{"embeddable":true,"href":"https:\/\/www.schulzentrum-stetten-akm.de\/uk\/wp-json\/wp\/v2\/media\/7465"}],"wp:attachment":[{"href":"https:\/\/www.schulzentrum-stetten-akm.de\/uk\/wp-json\/wp\/v2\/media?parent=7464"}],"wp:term":[{"taxonomy":"category","embeddable":true,"href":"https:\/\/www.schulzentrum-stetten-akm.de\/uk\/wp-json\/wp\/v2\/categories?post=7464"},{"taxonomy":"post_tag","embeddable":true,"href":"https:\/\/www.schulzentrum-stetten-akm.de\/uk\/wp-json\/wp\/v2\/tags?post=7464"}],"curies":[{"name":"wp","href":"https:\/\/api.w.org\/{rel}","templated":true}]}}