{"id":6833,"date":"2024-04-27T16:23:47","date_gmt":"2024-04-27T14:23:47","guid":{"rendered":"https:\/\/www.schulzentrum-stetten-akm.de\/?p=6833"},"modified":"2024-04-27T23:02:27","modified_gmt":"2024-04-27T21:02:27","slug":"stimmen-zum-girlsday-and-boysday-am-25-april","status":"publish","type":"post","link":"https:\/\/www.schulzentrum-stetten-akm.de\/uk\/stimmen-zum-girlsday-and-boysday-am-25-april\/","title":{"rendered":"Stimmen zum Girls&#8217;Day and Boys&#8217;Day am 25. April"},"content":{"rendered":"<p>Der bundesweite Zukunftstag zur Berufs- und Lebensplanung von M\u00e4dchen und Jungen erm\u00f6glicht Einblicke in T\u00e4tigkeiten, die geschlechterspezifisch vielleicht zun\u00e4chst nicht on top auf der Liste eigener Berufsw\u00fcnsche stehen. Sogenannt klischeefrei kann man sich f\u00fcr einen Tag in die bevorzugten Arbeitswelten des jeweils anderen Geschlechtes begeben und Erfahrungen in traditionell m\u00e4nnlichen und weiblichen Dom\u00e4nen sammeln.<\/p>\n\n\n\n<p>Wir haben einige Erfahrungsberichte erhalten, in denen die Lernpartner:innen \u00fcber eine nachhaltige Sensibilisierung in der eigenen Berufsorientierung sprechen.<\/p>\n\n\n\n<p><em>Titelfoto: Leonie Hipp arbeitete am Girls&#8217;Day in der Unternehmensgruppe F\u00fcrst von Hohenzollern.<\/em><\/p>\n\n\n\n<p><strong>Ich bin Leonie aus der 9.1 <\/strong>und habe vergangenen Donnerstag beim Girls&#8217;Day mitgemacht. Ich war in der Unternehmensgruppe F\u00fcrst von Hohenzollern in der Schreinerei. Mir hat es gut gefallen. Als ich angekommen bin, haben wir erstmal die Fahnen umgeh\u00e4ngt, da der F\u00fcrst Geburtstag hatte. Danach haben wir alles vom Fidelis Fest aufger\u00e4umt, das am Tag zuvor war. Ich habe also gesaugt und die Getr\u00e4nke wegger\u00e4umt. Um 9:00 Uhr gab es dann Fr\u00fchst\u00fcck. Um 09:30 Uhr habe ich eine F\u00fchrung durchs Schloss bekommen. Danach konnte ich selbst noch in der Anlage auf Erkundungstour gehen. Um 12:30 Uhr war Mittagspause und um 13:15 Uhr ging es weiter. Ich bin dann mit einem Mitarbeiter durch das Schloss gegangen, der mir die R\u00e4ume gezeigt hat, in die sonst nur Mitarbeiter hinein d\u00fcrfen. Es war sehr interessant, mal hinter die Kulissen zu blicken. Wir haben diverse abgebrochene Teile von Schlossm\u00f6beln sortiert und sie neu verleimt. Der Arbeitstag ging f\u00fcr mich dann um 16:45 Uhr zu Ende.<\/p>\n\n\n\n<figure class=\"wp-block-image size-full\"><img loading=\"lazy\" decoding=\"async\" width=\"849\" height=\"293\" src=\"https:\/\/www.schulzentrum-stetten-akm.de\/wp-content\/uploads\/2024\/04\/Girls-and-Boys-Day-Zusammenstellung.jpg\" alt=\"\" class=\"wp-image-6835\" srcset=\"https:\/\/www.schulzentrum-stetten-akm.de\/wp-content\/uploads\/2024\/04\/Girls-and-Boys-Day-Zusammenstellung.jpg 849w, https:\/\/www.schulzentrum-stetten-akm.de\/wp-content\/uploads\/2024\/04\/Girls-and-Boys-Day-Zusammenstellung-300x104.jpg 300w, https:\/\/www.schulzentrum-stetten-akm.de\/wp-content\/uploads\/2024\/04\/Girls-and-Boys-Day-Zusammenstellung-768x265.jpg 768w, https:\/\/www.schulzentrum-stetten-akm.de\/wp-content\/uploads\/2024\/04\/Girls-and-Boys-Day-Zusammenstellung-18x6.jpg 18w\" sizes=\"auto, (max-width: 849px) 100vw, 849px\" \/><figcaption class=\"wp-element-caption\"><em>V.l.n.r<\/em>.: Diego Rodrigues Eichin-Roeder hat einen Kindergarten besucht, Katharina Weimer w\u00e4hlte einen landwirtschaftlichen Betrieb und Emily Sigl verbrachte ihren Girls&#8217;Day im Garten- und Stra\u00dfenbau.<\/figcaption><\/figure>\n\n\n\n<p><strong>Ich bin Diego aus Lerngruppe 8.1.<\/strong> Ich war im Kindergarten in Stra\u00dfberg. Um 7.45 Uhr begann mein Arbeitstag damit, dass mir von den Erzieherinnen erstmal alles gezeigt wurde. Dann bin ich in die B\u00e4rengruppe gegangen &#8211; es gibt im Kindergarten verschiedene Gruppen, die nach dem Alter sortiert sind oder so, wie die Kinder zusammenpassen. Ich habe mit den Kindern zusammen gespielt. Jeweils um 8, 9 und 10 Uhr ging eine Erzieherin umher und hat eine Glocke gel\u00e4utet zum Zeichen, dass man jetzt eine Vesperpause hat. Anschlie\u00dfend sind wir nach drau\u00dfen gegangen, was den Kindern sehr gefallen hat. Sie haben zum Beispiel Fangen gespielt. Nachdem wir wieder drinnen waren, haben wir noch 20 Minuten weitergespielt, bevor mein Arbeitstag zu Ende ging. Ich bin sehr nett verabschiedet worden und kann sagen, es war echt gut und hat mir viel Spa\u00df gemacht!<\/p>\n\n\n\n<p><strong>Ich bin Katharina aus Lerngruppe 6.2 <\/strong>und war am Girls&#8217;Day in Sigmaringen beim Landwirtschaftlichen Beratungsdienst. Dort waren wir auf einem landwirtschaftlichen Betrieb in Inzigkofen. Ich durfte mir drei St\u00e4lle anschauen mit etwa 200 Mutterk\u00fchen. Eine Kuh hatte gerade ein K\u00e4lbchen zur Welt gebracht, das war nat\u00fcrlich das Highlight an diesem Tag! Danach sind wir ins B\u00fcro gefahren. Dort habe ich gelernt, was eine Milchleistungspr\u00fcfung (MLP) ist und die durfte ich dann richtig in die Ordner einordnen. Es war ein sehr sch\u00f6ner und interessanter Tag.<\/p>\n\n\n\n<p><strong>Emily aus Lerngruppe 6.2<\/strong> berichtet \u00fcber den Tag bei Gartenbau Klaus Negrassus in Immenstaad: <br>Um 8 Uhr begann der Tag. Zun\u00e4chst holten wir in der Arbeitsstelle die ganzen Sachen, z. B. Ampeln, Schaufeln und so weiter. Mit Anleitung durfte ich sogar einen Kramer fahren! Dann fuhren wir an eine Baustelle, von der wir Material transportieren mussten. Um 9 Uhr fuhren wir zu einer Bushaltestelle, um dort die H\u00e4lfte der Stra\u00dfe abzusperren, damit wir ruhig arbeiten konnten. Anhand des Bauplanes rechneten wir um und ma\u00dfen alles aus. Mittags gab es zur St\u00e4rkung einen D\u00f6ner und warmen Kakao. Nach der Pause schnitten wir mit einer Kreiss\u00e4ge den Asphalt und brachen ihn mit einem besonderen Bagger mit einem Aufsatz auf. Dabei ging aus Versehen ein Kabel von der Telekom kaputt. Mein Vater und ich brachten die Betonst\u00fccke zu einem Betonwerk. Dann war es auch schon bald Abend und wir r\u00e4umten auf, bevor ich nachhause gehen konnte.<\/p>\n\n\n\n<figure class=\"wp-block-image size-full is-resized\"><img loading=\"lazy\" decoding=\"async\" width=\"756\" height=\"531\" src=\"https:\/\/www.schulzentrum-stetten-akm.de\/wp-content\/uploads\/2024\/04\/Girls-Day-Anna-und-Kornelia.jpg\" alt=\"\" class=\"wp-image-6836\" style=\"width:949px;height:auto\" srcset=\"https:\/\/www.schulzentrum-stetten-akm.de\/wp-content\/uploads\/2024\/04\/Girls-Day-Anna-und-Kornelia.jpg 756w, https:\/\/www.schulzentrum-stetten-akm.de\/wp-content\/uploads\/2024\/04\/Girls-Day-Anna-und-Kornelia-300x211.jpg 300w, https:\/\/www.schulzentrum-stetten-akm.de\/wp-content\/uploads\/2024\/04\/Girls-Day-Anna-und-Kornelia-18x12.jpg 18w, https:\/\/www.schulzentrum-stetten-akm.de\/wp-content\/uploads\/2024\/04\/Girls-Day-Anna-und-Kornelia-120x85.jpg 120w\" sizes=\"auto, (max-width: 756px) 100vw, 756px\" \/><figcaption class=\"wp-element-caption\">Kornelia Piatek und Anna Nuber aus Lerngruppe 9.2 besuchten den Landschaftsgestalter Maute GmbH in Albstadt. Fotos aus dem eigenen Garten inspirierten sie zur r\u00e4umlichen Gestaltung eines fiktiven Gartenprojektes, \u00fcber das beide eine Planskizze vervollst\u00e4ndigen sollten.<\/figcaption><\/figure>\n\n\n\n<p><strong>Sonderp\u00e4dagogin Dorothea Asal<\/strong> besuchte ihre inklusiven Lernpartner:innen in verschiedenen Betrieben und fasst zusammen: Bei meinem kurzen Besuch zum Vesperkauf in der B\u00e4ckerei Remensberger in Stra\u00dfberg traf ich auf fr\u00f6hliche Gesichter. Ayse Beyazbal und ihre Freundin Alessia aus der 7.2 und zwei andere M\u00e4dchen waren gerade beim Vorbereiten von Kuchen und Backwaren. &#8222;Und, wie f\u00fchlt ihr euch?&#8220;, habe ich gefragt. &#8222;Super&#8220;, strahlten die beiden und auch die Chefin schien mit der ersten Stunde des Girls&#8217;Days vollauf zufrieden. Sie hatte die M\u00e4dchen in die Benutzung der Gummihandschuhe und die Belegung der Kuchen eingewiesen und die beiden standen da, arbeiteten mit ihren schon eifrig bemehlten K\u00fcchensch\u00fcrzen, sodass ich sie nicht l\u00e4nger aufhalten wollte. Wenn daraus mal ein l\u00e4ngeres Praktikum oder eben einfach nur das erfreuliche Kennenlernen eines wunderbaren Handwerksberufes werden sollte, dann hat sich dieser Tag dort schon gelohnt\u2026<\/p>","protected":false},"excerpt":{"rendered":"<p>Der bundesweite Zukunftstag zur Berufs- und Lebensplanung von M\u00e4dchen und Jungen erm\u00f6glicht Einblicke in T\u00e4tigkeiten, die geschlechterspezifisch vielleicht zun\u00e4chst nicht on top auf der Liste eigener Berufsw\u00fcnsche stehen. Sogenannt klischeefrei &hellip; <\/p>","protected":false},"author":1,"featured_media":6834,"comment_status":"closed","ping_status":"closed","sticky":false,"template":"","format":"standard","meta":{"footnotes":""},"categories":[44,21,20],"tags":[],"class_list":["post-6833","post","type-post","status-publish","format-standard","has-post-thumbnail","hentry","category-berufsorientierung","category-exkursionen-und-lerngaenge","category-veranstaltungen"],"_links":{"self":[{"href":"https:\/\/www.schulzentrum-stetten-akm.de\/uk\/wp-json\/wp\/v2\/posts\/6833","targetHints":{"allow":["GET"]}}],"collection":[{"href":"https:\/\/www.schulzentrum-stetten-akm.de\/uk\/wp-json\/wp\/v2\/posts"}],"about":[{"href":"https:\/\/www.schulzentrum-stetten-akm.de\/uk\/wp-json\/wp\/v2\/types\/post"}],"author":[{"embeddable":true,"href":"https:\/\/www.schulzentrum-stetten-akm.de\/uk\/wp-json\/wp\/v2\/users\/1"}],"replies":[{"embeddable":true,"href":"https:\/\/www.schulzentrum-stetten-akm.de\/uk\/wp-json\/wp\/v2\/comments?post=6833"}],"version-history":[{"count":9,"href":"https:\/\/www.schulzentrum-stetten-akm.de\/uk\/wp-json\/wp\/v2\/posts\/6833\/revisions"}],"predecessor-version":[{"id":6852,"href":"https:\/\/www.schulzentrum-stetten-akm.de\/uk\/wp-json\/wp\/v2\/posts\/6833\/revisions\/6852"}],"wp:featuredmedia":[{"embeddable":true,"href":"https:\/\/www.schulzentrum-stetten-akm.de\/uk\/wp-json\/wp\/v2\/media\/6834"}],"wp:attachment":[{"href":"https:\/\/www.schulzentrum-stetten-akm.de\/uk\/wp-json\/wp\/v2\/media?parent=6833"}],"wp:term":[{"taxonomy":"category","embeddable":true,"href":"https:\/\/www.schulzentrum-stetten-akm.de\/uk\/wp-json\/wp\/v2\/categories?post=6833"},{"taxonomy":"post_tag","embeddable":true,"href":"https:\/\/www.schulzentrum-stetten-akm.de\/uk\/wp-json\/wp\/v2\/tags?post=6833"}],"curies":[{"name":"wp","href":"https:\/\/api.w.org\/{rel}","templated":true}]}}