{"id":6818,"date":"2024-04-23T18:13:34","date_gmt":"2024-04-23T16:13:34","guid":{"rendered":"https:\/\/www.schulzentrum-stetten-akm.de\/?p=6818"},"modified":"2024-04-27T16:10:11","modified_gmt":"2024-04-27T14:10:11","slug":"schueler-trifft-azubi-2","status":"publish","type":"post","link":"https:\/\/www.schulzentrum-stetten-akm.de\/uk\/schueler-trifft-azubi-2\/","title":{"rendered":"\u0423\u0447\u0435\u043d\u044c \u0437\u0443\u0441\u0442\u0440\u0456\u0447\u0430\u0454\u0442\u044c\u0441\u044f \u0437 \u0443\u0447\u043d\u0435\u043c"},"content":{"rendered":"<p>Am heutigen Tag besuchten das Schulzentrum Stetten wieder etliche junge Auszubildende der Firmen und Betriebe aus der n\u00e4heren Umgebung zur Berufswahlb\u00f6rse &#8222;Sch\u00fcler trifft Azubi&#8220;. Die j\u00e4hrliche schuleigene Veranstaltung wird durch die BO-Beauftragte Jessica Zwick und verschiedene Lehrkr\u00e4fte koordiniert und organisiert. Die Kooperations- und Bildungspartner des Schulzentrums Stetten werden zur Veranstaltung eingeladen, unter ihnen die Geldinstitute Volksbank und Sparkasse, das Stettener Unternehmen f\u00fcr Sicherheitstechnik Primion, der Hersteller von Zerspanungswerkzeugen G\u00fchring, der soziale Tr\u00e4ger Mariaberg und der Hersteller von Pr\u00e4zisions- und Textilwerkzeuge Groz-Beckert aus Albstadt.<\/p>\n\n\n\n<p>Zweck der Veranstaltung ist die intensive Auseinandersetzung der Lernpartner:innen aus den Lernstufen 8-10 mit verschiedenen Berufsfeldern. Dabei profitieren sie von den Sichtweisen der Ausbildungs- und Studienbotschafter und der Darstellung des Firmenprofils. <\/p>\n\n\n\n<p>Das Spektrum an Berufen ist gro\u00df und reicht von traditionellen kaufm\u00e4nnischen Berufen wie Industriekaufmann\/-frau \u00fcber soziale und pflegerische Berufe bis zu technischen und IT-Berufen. Auch duale Studieng\u00e4nge, etwa Wirtschaftsinformatik oder Mechatronik, werden vorgestellt. <br><br>Die Vortr\u00e4ge der Auszubildenden finden in zwei aufeinanderfolgenden Modulen statt. In der Vorbereitung informieren sich die Lerngruppen zun\u00e4chst gemeinsam mit der Lerngruppenbegleitung \u00fcber die teilnehmenden Firmen. Die Lernpartner:innen k\u00f6nnen sich vorab die Vortr\u00e4ge aussuchen und werden dann anschlie\u00dfend entsprechend ihrer\u00a0W\u00fcnsche zugeteilt.<\/p>\n\n\n\n<figure class=\"wp-block-image size-large\"><img loading=\"lazy\" decoding=\"async\" width=\"1024\" height=\"768\" src=\"https:\/\/www.schulzentrum-stetten-akm.de\/wp-content\/uploads\/2024\/04\/Schueler-trifft-Azubi-Bild-1-1024x768.jpg\" alt=\"\" class=\"wp-image-6820\" srcset=\"https:\/\/www.schulzentrum-stetten-akm.de\/wp-content\/uploads\/2024\/04\/Schueler-trifft-Azubi-Bild-1-1024x768.jpg 1024w, https:\/\/www.schulzentrum-stetten-akm.de\/wp-content\/uploads\/2024\/04\/Schueler-trifft-Azubi-Bild-1-300x225.jpg 300w, https:\/\/www.schulzentrum-stetten-akm.de\/wp-content\/uploads\/2024\/04\/Schueler-trifft-Azubi-Bild-1-768x576.jpg 768w, https:\/\/www.schulzentrum-stetten-akm.de\/wp-content\/uploads\/2024\/04\/Schueler-trifft-Azubi-Bild-1-1536x1152.jpg 1536w, https:\/\/www.schulzentrum-stetten-akm.de\/wp-content\/uploads\/2024\/04\/Schueler-trifft-Azubi-Bild-1-16x12.jpg 16w, https:\/\/www.schulzentrum-stetten-akm.de\/wp-content\/uploads\/2024\/04\/Schueler-trifft-Azubi-Bild-1.jpg 1920w\" sizes=\"auto, (max-width: 1024px) 100vw, 1024px\" \/><figcaption class=\"wp-element-caption\">Praktische Beispiele veranschaulichen die informativen Vortr\u00e4ge.<\/figcaption><\/figure>\n\n\n\n<ul class=\"wp-block-list\">\n<li>W\u00e4hrend der Veranstaltung folgen die Lernpartnerinnen und Lernpartner einem Arbeitsauftrag und k\u00f6nnen sich durch die Auszubildenden und Studierenden \u00fcber die Berufsfelder informieren.<\/li>\n\n\n\n<li>Die Ausbildungsb\u00f6rse st\u00f6\u00dft auf regen Zuspruch unter den Lernpartner:innen, die erste Kontakte f\u00fcr Praktika kn\u00fcpfen k\u00f6nnen oder ihrem Wunschberuf an diesem Tag ein St\u00fcckchen n\u00e4her gebracht werden.<\/li>\n<\/ul>","protected":false},"excerpt":{"rendered":"<p>Am heutigen Tag besuchten das Schulzentrum Stetten wieder etliche junge Auszubildende der Firmen und Betriebe aus der n\u00e4heren Umgebung zur Berufswahlb\u00f6rse &#8222;Sch\u00fcler trifft Azubi&#8220;. Die j\u00e4hrliche schuleigene Veranstaltung wird durch &hellip; <\/p>","protected":false},"author":1,"featured_media":6819,"comment_status":"closed","ping_status":"closed","sticky":false,"template":"","format":"standard","meta":{"footnotes":""},"categories":[44,20],"tags":[],"class_list":["post-6818","post","type-post","status-publish","format-standard","has-post-thumbnail","hentry","category-berufsorientierung","category-veranstaltungen"],"_links":{"self":[{"href":"https:\/\/www.schulzentrum-stetten-akm.de\/uk\/wp-json\/wp\/v2\/posts\/6818","targetHints":{"allow":["GET"]}}],"collection":[{"href":"https:\/\/www.schulzentrum-stetten-akm.de\/uk\/wp-json\/wp\/v2\/posts"}],"about":[{"href":"https:\/\/www.schulzentrum-stetten-akm.de\/uk\/wp-json\/wp\/v2\/types\/post"}],"author":[{"embeddable":true,"href":"https:\/\/www.schulzentrum-stetten-akm.de\/uk\/wp-json\/wp\/v2\/users\/1"}],"replies":[{"embeddable":true,"href":"https:\/\/www.schulzentrum-stetten-akm.de\/uk\/wp-json\/wp\/v2\/comments?post=6818"}],"version-history":[{"count":7,"href":"https:\/\/www.schulzentrum-stetten-akm.de\/uk\/wp-json\/wp\/v2\/posts\/6818\/revisions"}],"predecessor-version":[{"id":6842,"href":"https:\/\/www.schulzentrum-stetten-akm.de\/uk\/wp-json\/wp\/v2\/posts\/6818\/revisions\/6842"}],"wp:featuredmedia":[{"embeddable":true,"href":"https:\/\/www.schulzentrum-stetten-akm.de\/uk\/wp-json\/wp\/v2\/media\/6819"}],"wp:attachment":[{"href":"https:\/\/www.schulzentrum-stetten-akm.de\/uk\/wp-json\/wp\/v2\/media?parent=6818"}],"wp:term":[{"taxonomy":"category","embeddable":true,"href":"https:\/\/www.schulzentrum-stetten-akm.de\/uk\/wp-json\/wp\/v2\/categories?post=6818"},{"taxonomy":"post_tag","embeddable":true,"href":"https:\/\/www.schulzentrum-stetten-akm.de\/uk\/wp-json\/wp\/v2\/tags?post=6818"}],"curies":[{"name":"wp","href":"https:\/\/api.w.org\/{rel}","templated":true}]}}