{"id":6812,"date":"2024-04-09T18:54:56","date_gmt":"2024-04-09T16:54:56","guid":{"rendered":"https:\/\/www.schulzentrum-stetten-akm.de\/?p=6812"},"modified":"2024-04-09T18:54:58","modified_gmt":"2024-04-09T16:54:58","slug":"hallensporttag-2024","status":"publish","type":"post","link":"https:\/\/www.schulzentrum-stetten-akm.de\/uk\/hallensporttag-2024\/","title":{"rendered":"Hallensporttag 2024"},"content":{"rendered":"<p>Jedes Jahr findet in der Alemannenhalle des Schulzentrums Stetten der Hallensporttag statt, bei dem sich die Teams der Sekundarstufe I in verschiedenen Disziplinen messen. In diesem Jahr hat Moritz Gess ihn als sein Jahresprojekt organisiert: der 20j\u00e4hrige FSJler aus Stetten a.k.M. hat seinen Schulabschluss an der Bertha-Benz-Schule in Sigmaringen gemacht und betreut im aktuellen Schuljahr an der GMS Angebote im Sport- und Schwimmunterricht sowie im Bereich des Ganztages. <\/p>\n\n\n\n<p>&#8222;Es macht mir Freude, Kinder und Jugendliche zu sportlichen Wettk\u00e4mpfen zu ermutigen und ihnen dieses f\u00fcr sie wichtige Jahresevent zu erm\u00f6glichen&#8220;, begr\u00fcndet er seine Wahl. Neben dem Erstellen der Spielpl\u00e4ne und Organisieren der Preise f\u00fcr die Teilnehmenden erledigte Moritz die anfallende schriftliche Korrespondenz und gewann mit der Sparkasse Pfullendorf-Messkirch einen gro\u00dfz\u00fcgigen Sponsor f\u00fcr sein Vorhaben. Neben Badmintonschl\u00e4gern und Kugelschreibern erhielten die Akteure sogar Ladekabel als Geschenk.<\/p>\n\n\n\n<p>Angefeuert von Zuschauern aus der 8. Jahrgangsstufe, die an diesem Tag mit Einverst\u00e4ndnis der Lehrperson stundenweise den Unterricht verlassen durften, um bei einigen Spiele dabei zu sein, ma\u00dfen sich die Teams aus den Stufen 5, 6 und 7 regelbewusst und mit sichtlicher Spielfreude in den einzelnen Runden.<\/p>\n\n\n\n<p>Die top 3 Platzierungen der Spieldisziplinen:<br>Im Dodgeball auf Platz 3 das Team der <em>7GlitzerFlitzer<\/em> aus LG 7.1, auf Platz 2 die <em>Fireballs <\/em>aus LG 6.1 und auf Platz 1 <em>Die Champions <\/em>der 7.1!<br>Im Fu\u00dfball auf Platz 3 der <em>BF <\/em>aus LG 5.2, auf Platz 2 der <em>FC Lieberampool<\/em> der 7.1 und auf Platz 1 der <em>FC Goffy<\/em> aus LG 6.2!<br>Im Basketball belegten die <em>Schnuki bad boys<\/em> aus LG 6.2 den dritten Platz, Platz 2 ging an <em>Die Killerkings<\/em> aus der 5.1 und Platz 1 machten die<em> no names<\/em> der 5.3! <\/p>\n\n\n\n<figure class=\"wp-block-image size-large\"><img loading=\"lazy\" decoding=\"async\" width=\"1024\" height=\"768\" src=\"https:\/\/www.schulzentrum-stetten-akm.de\/wp-content\/uploads\/2024\/04\/Hallensporttag-Bild-2-1024x768.jpg\" alt=\"\" class=\"wp-image-6814\" srcset=\"https:\/\/www.schulzentrum-stetten-akm.de\/wp-content\/uploads\/2024\/04\/Hallensporttag-Bild-2-1024x768.jpg 1024w, https:\/\/www.schulzentrum-stetten-akm.de\/wp-content\/uploads\/2024\/04\/Hallensporttag-Bild-2-300x225.jpg 300w, https:\/\/www.schulzentrum-stetten-akm.de\/wp-content\/uploads\/2024\/04\/Hallensporttag-Bild-2-768x576.jpg 768w, https:\/\/www.schulzentrum-stetten-akm.de\/wp-content\/uploads\/2024\/04\/Hallensporttag-Bild-2-16x12.jpg 16w, https:\/\/www.schulzentrum-stetten-akm.de\/wp-content\/uploads\/2024\/04\/Hallensporttag-Bild-2.jpg 1080w\" sizes=\"auto, (max-width: 1024px) 100vw, 1024px\" \/><figcaption class=\"wp-element-caption\">Zufrieden und etwas m\u00fcde: die Sportteams haben gut gespielt.<\/figcaption><\/figure>\n\n\n\n<p>Und wie kam der Tag bei den Sportteams an? &#8222;Der Hallensporttag war cool!&#8220;, freute sich Marcel Greveler aus Lerngruppe 5.3. &#8222;Gute Stimmung, es gab keinen Streit &#8211; das fand ich toll!&#8220;<\/p>\n\n\n\n<p>&#8222;Es war ein sehr sch\u00f6ner Tag&#8220;, res\u00fcmierte auch Moritz Gess zufrieden. &#8222;Bei jeder Sportart ging es fair zu und es waren lauter hart umk\u00e4mpfte Spiele! Ich danke allen Teilnehmenden und ganz besonders der Sparkasse Pfullendorf-Messkirch f\u00fcr ihre gro\u00dfz\u00fcgige Unterst\u00fctzung!&#8220;<\/p>\n\n\n\n<p><\/p>","protected":false},"excerpt":{"rendered":"<p>Jedes Jahr findet in der Alemannenhalle des Schulzentrums Stetten der Hallensporttag statt, bei dem sich die Teams der Sekundarstufe I in verschiedenen Disziplinen messen. In diesem Jahr hat Moritz Gess &hellip; <\/p>","protected":false},"author":1,"featured_media":6813,"comment_status":"closed","ping_status":"closed","sticky":false,"template":"","format":"standard","meta":{"footnotes":""},"categories":[26,23,20],"tags":[],"class_list":["post-6812","post","type-post","status-publish","format-standard","has-post-thumbnail","hentry","category-schulsozialarbeit","category-sport","category-veranstaltungen"],"_links":{"self":[{"href":"https:\/\/www.schulzentrum-stetten-akm.de\/uk\/wp-json\/wp\/v2\/posts\/6812","targetHints":{"allow":["GET"]}}],"collection":[{"href":"https:\/\/www.schulzentrum-stetten-akm.de\/uk\/wp-json\/wp\/v2\/posts"}],"about":[{"href":"https:\/\/www.schulzentrum-stetten-akm.de\/uk\/wp-json\/wp\/v2\/types\/post"}],"author":[{"embeddable":true,"href":"https:\/\/www.schulzentrum-stetten-akm.de\/uk\/wp-json\/wp\/v2\/users\/1"}],"replies":[{"embeddable":true,"href":"https:\/\/www.schulzentrum-stetten-akm.de\/uk\/wp-json\/wp\/v2\/comments?post=6812"}],"version-history":[{"count":1,"href":"https:\/\/www.schulzentrum-stetten-akm.de\/uk\/wp-json\/wp\/v2\/posts\/6812\/revisions"}],"predecessor-version":[{"id":6815,"href":"https:\/\/www.schulzentrum-stetten-akm.de\/uk\/wp-json\/wp\/v2\/posts\/6812\/revisions\/6815"}],"wp:featuredmedia":[{"embeddable":true,"href":"https:\/\/www.schulzentrum-stetten-akm.de\/uk\/wp-json\/wp\/v2\/media\/6813"}],"wp:attachment":[{"href":"https:\/\/www.schulzentrum-stetten-akm.de\/uk\/wp-json\/wp\/v2\/media?parent=6812"}],"wp:term":[{"taxonomy":"category","embeddable":true,"href":"https:\/\/www.schulzentrum-stetten-akm.de\/uk\/wp-json\/wp\/v2\/categories?post=6812"},{"taxonomy":"post_tag","embeddable":true,"href":"https:\/\/www.schulzentrum-stetten-akm.de\/uk\/wp-json\/wp\/v2\/tags?post=6812"}],"curies":[{"name":"wp","href":"https:\/\/api.w.org\/{rel}","templated":true}]}}