{"id":6601,"date":"2023-12-19T10:47:20","date_gmt":"2023-12-19T09:47:20","guid":{"rendered":"https:\/\/www.schulzentrum-stetten-akm.de\/?p=6601"},"modified":"2024-02-15T16:20:03","modified_gmt":"2024-02-15T15:20:03","slug":"foerderverein-freunde-des-schulzentrums-stetten-zieht-positive-bilanz","status":"publish","type":"post","link":"https:\/\/www.schulzentrum-stetten-akm.de\/uk\/foerderverein-freunde-des-schulzentrums-stetten-zieht-positive-bilanz\/","title":{"rendered":"F\u00f6rderverein \u201eFreunde des Schulzentrums Stetten\u201c zieht positive Bilanz"},"content":{"rendered":"<p>Bei der Jahreshauptversammlung des F\u00f6rdervereins des Schulzentrums Stetten am 21. November konnten die \u201eFreunde des Schulzentrums Stetten\u201c auf ein erfolgreiches Jahr 2023 zur\u00fcckblicken: gef\u00f6rdert worden waren die Projekte \u201eAktion Gl\u00fccksmomente\u201c, das Offene B\u00fccherregal, Trinkflaschen f\u00fcr das Schulzentrum, Basketballkorb f\u00fcr den Kubus-Innenhof, T-Shirts f\u00fcr die Bl\u00e4serklasse und das Snoopy-Team der Schulseelsorge. Weiter hat der Verein den Besuch der Pianistin Henriette G\u00e4rtner sowie die Theaterfahrt der Klassen 3 und 4 der Grundschule unterst\u00fctzt. Auch die Bezuschussung der Schulverpflegung und die Kosten f\u00fcr die Pr\u00fcfungsvorbereitungskurse der angehenden Absolvent*innen konnten vollumf\u00e4nglich gedeckt werden.<\/p>\n\n\n\n<p>Derzeit arbeitet der F\u00f6rderverein an der Fertigstellung seiner neuen Homepage und einem Flyer; au\u00dferdem erm\u00f6glicht er den Aufbau der Sch\u00fclerb\u00fccherei des Schulzentrums Stetten mit Literatur f\u00fcr die Lerngruppen 7-10. Bei der Einschulungsfeier zum Schuljahr 24\/25 ist geplant, dass sich der F\u00f6rderverein der Elternschaft vorstellt. Auch f\u00fcr das Gro\u00dfprojekt \u201eKletterwand\u201c sollen weitere M\u00f6glichkeiten seiner Realisierung gepr\u00fcft werden.<\/p>\n\n\n\n<p>Bedanken m\u00f6chten sich die \u201eFreunde des Schulzentrums Stetten\u201c besonders f\u00fcr das Sponsoring von Backhaus Mahl und die gro\u00dfz\u00fcgige Unterst\u00fctzung durch den \u00d6kumenischen F\u00f6rderverein; ein herzliches Dankesch\u00f6n auch an alle Spender*innen, die mit gro\u00dfen wie kleinen Summen die wertvolle Arbeit des Vereins erm\u00f6glichen!<\/p>","protected":false},"excerpt":{"rendered":"<p>Bei der Jahreshauptversammlung des F\u00f6rdervereins des Schulzentrums Stetten am 21. November konnten die \u201eFreunde des Schulzentrums Stetten\u201c auf ein erfolgreiches Jahr 2023 zur\u00fcckblicken: gef\u00f6rdert worden waren die Projekte \u201eAktion Gl\u00fccksmomente\u201c, &hellip; <\/p>","protected":false},"author":1,"featured_media":6675,"comment_status":"closed","ping_status":"closed","sticky":false,"template":"","format":"standard","meta":{"footnotes":""},"categories":[1,22],"tags":[],"class_list":["post-6601","post","type-post","status-publish","format-standard","has-post-thumbnail","hentry","category-allgemein","category-schulalltag"],"_links":{"self":[{"href":"https:\/\/www.schulzentrum-stetten-akm.de\/uk\/wp-json\/wp\/v2\/posts\/6601","targetHints":{"allow":["GET"]}}],"collection":[{"href":"https:\/\/www.schulzentrum-stetten-akm.de\/uk\/wp-json\/wp\/v2\/posts"}],"about":[{"href":"https:\/\/www.schulzentrum-stetten-akm.de\/uk\/wp-json\/wp\/v2\/types\/post"}],"author":[{"embeddable":true,"href":"https:\/\/www.schulzentrum-stetten-akm.de\/uk\/wp-json\/wp\/v2\/users\/1"}],"replies":[{"embeddable":true,"href":"https:\/\/www.schulzentrum-stetten-akm.de\/uk\/wp-json\/wp\/v2\/comments?post=6601"}],"version-history":[{"count":1,"href":"https:\/\/www.schulzentrum-stetten-akm.de\/uk\/wp-json\/wp\/v2\/posts\/6601\/revisions"}],"predecessor-version":[{"id":6603,"href":"https:\/\/www.schulzentrum-stetten-akm.de\/uk\/wp-json\/wp\/v2\/posts\/6601\/revisions\/6603"}],"wp:featuredmedia":[{"embeddable":true,"href":"https:\/\/www.schulzentrum-stetten-akm.de\/uk\/wp-json\/wp\/v2\/media\/6675"}],"wp:attachment":[{"href":"https:\/\/www.schulzentrum-stetten-akm.de\/uk\/wp-json\/wp\/v2\/media?parent=6601"}],"wp:term":[{"taxonomy":"category","embeddable":true,"href":"https:\/\/www.schulzentrum-stetten-akm.de\/uk\/wp-json\/wp\/v2\/categories?post=6601"},{"taxonomy":"post_tag","embeddable":true,"href":"https:\/\/www.schulzentrum-stetten-akm.de\/uk\/wp-json\/wp\/v2\/tags?post=6601"}],"curies":[{"name":"wp","href":"https:\/\/api.w.org\/{rel}","templated":true}]}}