{"id":925,"date":"2019-12-17T10:39:29","date_gmt":"2019-12-17T09:39:29","guid":{"rendered":"https:\/\/www.schulzentrum-stetten-akm.de\/?p=925"},"modified":"2024-02-29T10:18:54","modified_gmt":"2024-02-29T09:18:54","slug":"unsere-smv-couragiert-unterwegs","status":"publish","type":"post","link":"https:\/\/www.schulzentrum-stetten-akm.de\/sr\/unsere-smv-couragiert-unterwegs\/","title":{"rendered":"Unsere SMV \u2013 couragiert unterwegs"},"content":{"rendered":"<figure class=\"wp-block-image size-large\"><img loading=\"lazy\" decoding=\"async\" width=\"1024\" height=\"576\" src=\"https:\/\/www.schulzentrum-stetten-akm.de\/wp-content\/uploads\/2019\/12\/SMVTage_2019_2-1024x576.jpg\" alt=\"\" class=\"wp-image-927\" srcset=\"https:\/\/www.schulzentrum-stetten-akm.de\/wp-content\/uploads\/2019\/12\/SMVTage_2019_2-1024x576.jpg 1024w, https:\/\/www.schulzentrum-stetten-akm.de\/wp-content\/uploads\/2019\/12\/SMVTage_2019_2-300x169.jpg 300w, https:\/\/www.schulzentrum-stetten-akm.de\/wp-content\/uploads\/2019\/12\/SMVTage_2019_2-768x432.jpg 768w, https:\/\/www.schulzentrum-stetten-akm.de\/wp-content\/uploads\/2019\/12\/SMVTage_2019_2.jpg 1092w\" sizes=\"auto, (max-width: 1024px) 100vw, 1024px\" \/><\/figure>\n\n\n\n<figure class=\"wp-block-image size-large\"><img loading=\"lazy\" decoding=\"async\" width=\"1024\" height=\"576\" src=\"https:\/\/www.schulzentrum-stetten-akm.de\/wp-content\/uploads\/2019\/12\/SMVTage_2019_1-1024x576.jpg\" alt=\"\" class=\"wp-image-926\" srcset=\"https:\/\/www.schulzentrum-stetten-akm.de\/wp-content\/uploads\/2019\/12\/SMVTage_2019_1-1024x576.jpg 1024w, https:\/\/www.schulzentrum-stetten-akm.de\/wp-content\/uploads\/2019\/12\/SMVTage_2019_1-300x169.jpg 300w, https:\/\/www.schulzentrum-stetten-akm.de\/wp-content\/uploads\/2019\/12\/SMVTage_2019_1-768x432.jpg 768w, https:\/\/www.schulzentrum-stetten-akm.de\/wp-content\/uploads\/2019\/12\/SMVTage_2019_1.jpg 1062w\" sizes=\"auto, (max-width: 1024px) 100vw, 1024px\" \/><\/figure>\n\n\n\n<p>Planen mit Punsch und Pl\u00e4tzchen war das Motto der zwei SMV-Tage vergangene Woche, doch mit diesen Ergebnissen hatte niemand gerechnet! Die Verbindungslehrerinnen Frau Ruda und Frau H\u00f6rger hatten in Zusammenarbeit mit Schulsozialarbeiter Toby Buck die Grobplanung des Schuljahres in den Blick genommen, welche die Lernpartnerinnen und Lernpartner nicht nur erf\u00fcllten, sondern weit dar\u00fcber hinaus planten.<\/p>\n<p>Mit Struktur, Ma\u00df und Ziel nahmen sie sich bereits in den letzten Jahren durchgef\u00fchrte Projekte vor, evaluierten und modifizierten sie und gaben ihnen eine neue Richtung. Die Lernpartnerinnen und Lernpartner dachten \u00fcber die Grenzen ihrer Schule hinaus und begannen die bestehenden Projekte weiterzuentwickeln. Die Nikolausaktion soll beispielsweise nicht mehr nur im eigenen Haus Freude bringen, sondern auch bed\u00fcrftige Kinder an anderen Orten sollen in Zukunft mit einem Besuch des Nikolauses \u00fcberrascht werden. Ganz von alleine zeigten die Lernpartnerinnen und Lernpartner Empathie f\u00fcr ihre Mitmenschen und kreierten Aktionen gepr\u00e4gt von Mitgef\u00fchl und Zusammenhalt. Dies wird auch demn\u00e4chst verst\u00e4rkt Thema am Schulzentrum sein, da es sich auf den Weg macht eine \u201eSchule ohne Rassismus, Schule mit Courage\u201c zu werden. Die Grundideen dieser Aktion wurden schon vor der Vorstellung des Projektes in allen Planungsgruppen ber\u00fccksichtigt, indem zum Beispiel die Farbpalette des Schulpullovers erweitert wurde um die Schule bunter zu machen \u2013 in jeder Hinsicht. Auch an die Umwelt wurde gedacht und ein weiteres SMV-Produkt entwickelt: neben Pullis und Flaschen wird es bald auch umweltfreundliche Brotdosen aus Edelstahl zu kaufen geben.<\/p>\n<p>Die Schulgemeinschaft war den Planungsgruppen ein gro\u00dfes Anliegen und wird im aktuellen Schuljahr noch mehr in den Mittelpunkt gestellt, zum Beispiel durch die \u201ePuzzleaktion\u201c bei der jedes Mitglied der Schulgemeinschaft ein Puzzleteil als Teil des gro\u00dfen Ganzen gestaltet, welches dann in der Schule ausgestellt wird. Auch beim geplanten Fu\u00dfballturnier wird die Schulgemeinschaft gemeinsam im Stil der Europameisterschaft miteinander das Feuer der Begeisterung auch in Stetten entfachen lassen.<\/p>\n<p>Dass gemeinsam etwas zu erreichen ist, wenn jeder Einzelne wertgesch\u00e4tzt wird, war eine Erfahrung, die die Lerngruppensprecher w\u00e4hrend der SMV-Tage erleben und erfahren konnten. Es ist ein unglaublicher Gewinn f\u00fcr alle am Schulleben beteiligten eine solch aktive und innovative SMV vor Ort zu haben.<\/p>","protected":false},"excerpt":{"rendered":"<p>Planen mit Punsch und Pl\u00e4tzchen war das Motto der zwei SMV-Tage vergangene Woche, doch mit diesen Ergebnissen hatte niemand gerechnet! Die Verbindungslehrerinnen Frau Ruda und Frau H\u00f6rger hatten in Zusammenarbeit &hellip; <\/p>","protected":false},"author":1,"featured_media":879,"comment_status":"closed","ping_status":"closed","sticky":false,"template":"","format":"standard","meta":{"footnotes":""},"categories":[22],"tags":[],"class_list":["post-925","post","type-post","status-publish","format-standard","has-post-thumbnail","hentry","category-schulalltag"],"_links":{"self":[{"href":"https:\/\/www.schulzentrum-stetten-akm.de\/sr\/wp-json\/wp\/v2\/posts\/925","targetHints":{"allow":["GET"]}}],"collection":[{"href":"https:\/\/www.schulzentrum-stetten-akm.de\/sr\/wp-json\/wp\/v2\/posts"}],"about":[{"href":"https:\/\/www.schulzentrum-stetten-akm.de\/sr\/wp-json\/wp\/v2\/types\/post"}],"author":[{"embeddable":true,"href":"https:\/\/www.schulzentrum-stetten-akm.de\/sr\/wp-json\/wp\/v2\/users\/1"}],"replies":[{"embeddable":true,"href":"https:\/\/www.schulzentrum-stetten-akm.de\/sr\/wp-json\/wp\/v2\/comments?post=925"}],"version-history":[{"count":4,"href":"https:\/\/www.schulzentrum-stetten-akm.de\/sr\/wp-json\/wp\/v2\/posts\/925\/revisions"}],"predecessor-version":[{"id":931,"href":"https:\/\/www.schulzentrum-stetten-akm.de\/sr\/wp-json\/wp\/v2\/posts\/925\/revisions\/931"}],"wp:featuredmedia":[{"embeddable":true,"href":"https:\/\/www.schulzentrum-stetten-akm.de\/sr\/wp-json\/wp\/v2\/media\/879"}],"wp:attachment":[{"href":"https:\/\/www.schulzentrum-stetten-akm.de\/sr\/wp-json\/wp\/v2\/media?parent=925"}],"wp:term":[{"taxonomy":"category","embeddable":true,"href":"https:\/\/www.schulzentrum-stetten-akm.de\/sr\/wp-json\/wp\/v2\/categories?post=925"},{"taxonomy":"post_tag","embeddable":true,"href":"https:\/\/www.schulzentrum-stetten-akm.de\/sr\/wp-json\/wp\/v2\/tags?post=925"}],"curies":[{"name":"wp","href":"https:\/\/api.w.org\/{rel}","templated":true}]}}