{"id":864,"date":"2019-11-25T12:09:46","date_gmt":"2019-11-25T11:09:46","guid":{"rendered":"https:\/\/www.schulzentrum-stetten-akm.de\/?p=864"},"modified":"2021-03-25T11:58:37","modified_gmt":"2021-03-25T10:58:37","slug":"neue-schuelersprecher-am-schulzentrum","status":"publish","type":"post","link":"https:\/\/www.schulzentrum-stetten-akm.de\/sr\/neue-schuelersprecher-am-schulzentrum\/","title":{"rendered":"Neue Sch\u00fclersprecher am Schulzentrum"},"content":{"rendered":"<p>Am 06. November 2019 w\u00e4hlten die Sch\u00fcler\/innen sowie die Lernpartner\/innen ihre Vertreter f\u00fcr das Schuljahr 2019\/2020. Nach einer Vorstellungsrunde am Vortag, in der die Kandidaten ihre Ideen pr\u00e4sentierten, stand f\u00fcr die 3.-10. Klasse am n\u00e4chsten Tag der Gang zur Wahlurne an.<\/p>\n\n\n\n<div class=\"wp-block-image\"><figure class=\"aligncenter size-large is-resized\"><img loading=\"lazy\" decoding=\"async\" src=\"https:\/\/www.schulzentrum-stetten-akm.de\/wp-content\/uploads\/2019\/11\/P1050451-scaled-e1574677997802-768x1024.jpg\" alt=\"\" class=\"wp-image-866\" width=\"273\" height=\"364\" srcset=\"https:\/\/www.schulzentrum-stetten-akm.de\/wp-content\/uploads\/2019\/11\/P1050451-scaled-e1574677997802-768x1024.jpg 768w, https:\/\/www.schulzentrum-stetten-akm.de\/wp-content\/uploads\/2019\/11\/P1050451-scaled-e1574677997802-225x300.jpg 225w, https:\/\/www.schulzentrum-stetten-akm.de\/wp-content\/uploads\/2019\/11\/P1050451-scaled-e1574677997802-1152x1536.jpg 1152w, https:\/\/www.schulzentrum-stetten-akm.de\/wp-content\/uploads\/2019\/11\/P1050451-scaled-e1574677997802.jpg 1536w\" sizes=\"auto, (max-width: 273px) 100vw, 273px\" \/><figcaption>Joleen B\u00fccheler (10.2), Marius Graf (10.1), Tim Hartmann (9.2)<\/figcaption><\/figure><\/div>\n\n\n\n<div class=\"wp-block-media-text alignwide is-vertically-aligned-center\" style=\"grid-template-columns:46% auto\"><figure class=\"wp-block-media-text__media\"><img loading=\"lazy\" decoding=\"async\" width=\"743\" height=\"563\" src=\"https:\/\/www.schulzentrum-stetten-akm.de\/wp-content\/uploads\/2019\/11\/Diagramm-Sch\u00fclersprecherwahl.png\" alt=\"\" class=\"wp-image-865\" srcset=\"https:\/\/www.schulzentrum-stetten-akm.de\/wp-content\/uploads\/2019\/11\/Diagramm-Sch\u00fclersprecherwahl.png 743w, https:\/\/www.schulzentrum-stetten-akm.de\/wp-content\/uploads\/2019\/11\/Diagramm-Sch\u00fclersprecherwahl-300x227.png 300w\" sizes=\"auto, (max-width: 743px) 100vw, 743px\" \/><\/figure><div class=\"wp-block-media-text__content\">\n<div class=\"wp-block-group\"><div class=\"wp-block-group__inner-container is-layout-flow wp-block-group-is-layout-flow\">\n<p>Tim Hartmann, Lerngruppe 9.2,\ngewann die Wahl mit 23% der Stimmen. Auf die Position des ersten\nStellvertreters wurde Marius Graf, Lerngruppe 10.1, mit 21% der Stimmen\ngew\u00e4hlt, w\u00e4hrend Joleen B\u00fccheler, Lerngruppe 10.2, die Position des zweiten\nStellvertreters mit 18% der Stimmen einnahm.<\/p>\n\n\n\n<p>Gro\u00dfe Projekte stehen auch dieses Jahr f\u00fcr die SMV (=Sch\u00fclermitverantwortung) an: die Nikolausaktion f\u00fcr die Grundsch\u00fcler steht schon vor der T\u00fcr. Das weitere Jahr wird nun aber zun\u00e4chst an den SMV-Tagen Ende November geplant.<\/p>\n\n\n\n<p>M. H\u00f6rger<\/p>\n<\/div><\/div>\n<\/div><\/div>","protected":false},"excerpt":{"rendered":"<p>Am 06. November 2019 w\u00e4hlten die Sch\u00fcler\/innen sowie die Lernpartner\/innen ihre Vertreter f\u00fcr das Schuljahr 2019\/2020. Nach einer Vorstellungsrunde am Vortag, in der die Kandidaten ihre Ideen pr\u00e4sentierten, stand f\u00fcr &hellip; <\/p>","protected":false},"author":1,"featured_media":879,"comment_status":"closed","ping_status":"closed","sticky":false,"template":"","format":"standard","meta":{"footnotes":""},"categories":[22],"tags":[],"class_list":["post-864","post","type-post","status-publish","format-standard","has-post-thumbnail","hentry","category-schulalltag"],"_links":{"self":[{"href":"https:\/\/www.schulzentrum-stetten-akm.de\/sr\/wp-json\/wp\/v2\/posts\/864","targetHints":{"allow":["GET"]}}],"collection":[{"href":"https:\/\/www.schulzentrum-stetten-akm.de\/sr\/wp-json\/wp\/v2\/posts"}],"about":[{"href":"https:\/\/www.schulzentrum-stetten-akm.de\/sr\/wp-json\/wp\/v2\/types\/post"}],"author":[{"embeddable":true,"href":"https:\/\/www.schulzentrum-stetten-akm.de\/sr\/wp-json\/wp\/v2\/users\/1"}],"replies":[{"embeddable":true,"href":"https:\/\/www.schulzentrum-stetten-akm.de\/sr\/wp-json\/wp\/v2\/comments?post=864"}],"version-history":[{"count":6,"href":"https:\/\/www.schulzentrum-stetten-akm.de\/sr\/wp-json\/wp\/v2\/posts\/864\/revisions"}],"predecessor-version":[{"id":937,"href":"https:\/\/www.schulzentrum-stetten-akm.de\/sr\/wp-json\/wp\/v2\/posts\/864\/revisions\/937"}],"wp:featuredmedia":[{"embeddable":true,"href":"https:\/\/www.schulzentrum-stetten-akm.de\/sr\/wp-json\/wp\/v2\/media\/879"}],"wp:attachment":[{"href":"https:\/\/www.schulzentrum-stetten-akm.de\/sr\/wp-json\/wp\/v2\/media?parent=864"}],"wp:term":[{"taxonomy":"category","embeddable":true,"href":"https:\/\/www.schulzentrum-stetten-akm.de\/sr\/wp-json\/wp\/v2\/categories?post=864"},{"taxonomy":"post_tag","embeddable":true,"href":"https:\/\/www.schulzentrum-stetten-akm.de\/sr\/wp-json\/wp\/v2\/tags?post=864"}],"curies":[{"name":"wp","href":"https:\/\/api.w.org\/{rel}","templated":true}]}}