{"id":8502,"date":"2025-10-23T10:16:49","date_gmt":"2025-10-23T08:16:49","guid":{"rendered":"https:\/\/www.schulzentrum-stetten-akm.de\/?p=8502"},"modified":"2025-10-23T18:34:39","modified_gmt":"2025-10-23T16:34:39","slug":"ein-tag-im-bauhandwerk","status":"publish","type":"post","link":"https:\/\/www.schulzentrum-stetten-akm.de\/sr\/ein-tag-im-bauhandwerk\/","title":{"rendered":"Ein Tag im Bauhandwerk"},"content":{"rendered":"<p><\/p>\n\n\n\n<p><strong>Besuch im Bildungszentrum Bau Sigmaringen \u2013 Einblicke in das Bauhandwerk f\u00fcr die 8er-Lerngruppen<\/strong><\/p>\n\n\n\n<p>Am Mittwoch, den 22. Oktober besuchten die beiden 8er-Lerngruppen des Schulzentrums Stetten gemeinsam mit den Lehrkr\u00e4ften Herrn Sim und Frau Reinberger das Bildungszentrum Bau in Sigmaringen.<\/p>\n\n\n\n<p>Der Tag begann mit einer Einf\u00fchrung durch Ausbildungsleiter Herrn Michael Lehner. Er stellte die Vielfalt der Ausbildungsberufe im Bauhauptgewerbe vor \u2013 darunter Maurer, Beton- und Stahlbetonbauer, Stra\u00dfenbauer, Bauger\u00e4tef\u00fchrer, Zimmerer, Stuckateur und Estrichleger. Anschlie\u00dfend demonstrierte er anschaulich verschiedene Maurerarbeiten, darunter Spitzbogen und Gew\u00f6lbekeller.<\/p>\n\n\n\n<p>Nach einer kurzen Vesperpause mit W\u00fcrstchen im Wecken und Getr\u00e4nken erhielten die Lernpartner Einblicke in die Wohnregeln des Hauses und die gemeinsamen Aktivit\u00e4ten vor Ort.<\/p>\n\n\n\n<p>Im zweiten Teil des Programms f\u00fchrten die Mitarbeitenden die Gruppen durch verschiedene Werkhallen \u2013 beginnend im Betonlabor. Dort lernten die Sch\u00fclerinnen und Sch\u00fcler die Unterschiede von Beton kennen, unter anderem anhand von Betonw\u00fcrfeln. Mithilfe verschiedener Parameter konnten sie sich die Gewichte besser vorstellen.<\/p>\n\n\n\n<p>Weitere Stationen f\u00fchrten durch die Maurer-, Vermessungs- und Au\u00dfenbereiche der Stra\u00dfenbauer. Dabei konnten die Lernpartner den Auszubildenden bei der Arbeit \u00fcber die Schulter schauen und selbst aktiv werden: N\u00e4gel einschlagen, s\u00e4gen, mauern und vermessen standen auf dem Programm.<\/p>\n\n\n\n<p>Zum Abschluss erhielten die Gruppen zwei gro\u00dfe Beutel mit kleinen Geschenken. Der Ausflug bot den Lernpartnern praxisnahe Einblicke in das Bauhandwerk, f\u00f6rderte den Austausch mit Auszubildenden und st\u00e4rkte die Motivation f\u00fcr eine m\u00f6gliche Berufsausbildung in der Baubranche.<\/p>\n\n\n\n<p>Ein herzlicher Dank&nbsp;gilt dem Bildungszentrum Bau Sigmaringen f\u00fcr die engagierte Vorbereitung, die freundliche Begleitung und die vielen praxisorientierten Lernm\u00f6glichkeiten.<\/p>\n\n\n\n<figure class=\"wp-block-image size-large\"><img loading=\"lazy\" decoding=\"async\" width=\"1024\" height=\"768\" src=\"https:\/\/www.schulzentrum-stetten-akm.de\/wp-content\/uploads\/2025\/10\/20251022_114211-1024x768.jpg\" alt=\"\" class=\"wp-image-8512\" srcset=\"https:\/\/www.schulzentrum-stetten-akm.de\/wp-content\/uploads\/2025\/10\/20251022_114211-1024x768.jpg 1024w, https:\/\/www.schulzentrum-stetten-akm.de\/wp-content\/uploads\/2025\/10\/20251022_114211-300x225.jpg 300w, https:\/\/www.schulzentrum-stetten-akm.de\/wp-content\/uploads\/2025\/10\/20251022_114211-768x576.jpg 768w, https:\/\/www.schulzentrum-stetten-akm.de\/wp-content\/uploads\/2025\/10\/20251022_114211-1536x1152.jpg 1536w, https:\/\/www.schulzentrum-stetten-akm.de\/wp-content\/uploads\/2025\/10\/20251022_114211-scaled.jpg 2048w, https:\/\/www.schulzentrum-stetten-akm.de\/wp-content\/uploads\/2025\/10\/20251022_114211-16x12.jpg 16w\" sizes=\"auto, (max-width: 1024px) 100vw, 1024px\" \/><\/figure>\n\n\n\n<figure class=\"wp-block-image size-large\"><img loading=\"lazy\" decoding=\"async\" width=\"1024\" height=\"768\" src=\"https:\/\/www.schulzentrum-stetten-akm.de\/wp-content\/uploads\/2025\/10\/20251022_105741-1024x768.jpg\" alt=\"\" class=\"wp-image-8510\" srcset=\"https:\/\/www.schulzentrum-stetten-akm.de\/wp-content\/uploads\/2025\/10\/20251022_105741-1024x768.jpg 1024w, https:\/\/www.schulzentrum-stetten-akm.de\/wp-content\/uploads\/2025\/10\/20251022_105741-300x225.jpg 300w, https:\/\/www.schulzentrum-stetten-akm.de\/wp-content\/uploads\/2025\/10\/20251022_105741-768x576.jpg 768w, https:\/\/www.schulzentrum-stetten-akm.de\/wp-content\/uploads\/2025\/10\/20251022_105741-1536x1152.jpg 1536w, https:\/\/www.schulzentrum-stetten-akm.de\/wp-content\/uploads\/2025\/10\/20251022_105741-scaled.jpg 2048w, https:\/\/www.schulzentrum-stetten-akm.de\/wp-content\/uploads\/2025\/10\/20251022_105741-16x12.jpg 16w\" sizes=\"auto, (max-width: 1024px) 100vw, 1024px\" \/><\/figure>\n\n\n\n<figure class=\"wp-block-image size-large\"><img loading=\"lazy\" decoding=\"async\" width=\"1024\" height=\"768\" src=\"https:\/\/www.schulzentrum-stetten-akm.de\/wp-content\/uploads\/2025\/10\/20251022_100730-1024x768.jpg\" alt=\"\" class=\"wp-image-8509\" srcset=\"https:\/\/www.schulzentrum-stetten-akm.de\/wp-content\/uploads\/2025\/10\/20251022_100730-1024x768.jpg 1024w, https:\/\/www.schulzentrum-stetten-akm.de\/wp-content\/uploads\/2025\/10\/20251022_100730-300x225.jpg 300w, https:\/\/www.schulzentrum-stetten-akm.de\/wp-content\/uploads\/2025\/10\/20251022_100730-768x576.jpg 768w, https:\/\/www.schulzentrum-stetten-akm.de\/wp-content\/uploads\/2025\/10\/20251022_100730-1536x1152.jpg 1536w, https:\/\/www.schulzentrum-stetten-akm.de\/wp-content\/uploads\/2025\/10\/20251022_100730-scaled.jpg 2048w, https:\/\/www.schulzentrum-stetten-akm.de\/wp-content\/uploads\/2025\/10\/20251022_100730-16x12.jpg 16w\" sizes=\"auto, (max-width: 1024px) 100vw, 1024px\" \/><\/figure>\n\n\n\n<figure class=\"wp-block-image size-large\"><img loading=\"lazy\" decoding=\"async\" width=\"1024\" height=\"768\" src=\"https:\/\/www.schulzentrum-stetten-akm.de\/wp-content\/uploads\/2025\/10\/20251022_113538-1024x768.jpg\" alt=\"\" class=\"wp-image-8508\" srcset=\"https:\/\/www.schulzentrum-stetten-akm.de\/wp-content\/uploads\/2025\/10\/20251022_113538-1024x768.jpg 1024w, https:\/\/www.schulzentrum-stetten-akm.de\/wp-content\/uploads\/2025\/10\/20251022_113538-300x225.jpg 300w, https:\/\/www.schulzentrum-stetten-akm.de\/wp-content\/uploads\/2025\/10\/20251022_113538-768x576.jpg 768w, https:\/\/www.schulzentrum-stetten-akm.de\/wp-content\/uploads\/2025\/10\/20251022_113538-1536x1152.jpg 1536w, https:\/\/www.schulzentrum-stetten-akm.de\/wp-content\/uploads\/2025\/10\/20251022_113538-scaled.jpg 2048w, https:\/\/www.schulzentrum-stetten-akm.de\/wp-content\/uploads\/2025\/10\/20251022_113538-16x12.jpg 16w\" sizes=\"auto, (max-width: 1024px) 100vw, 1024px\" \/><\/figure>\n\n\n\n<p><em>Quelle: Jessica Reinberger<\/em><\/p>","protected":false},"excerpt":{"rendered":"<p>Besuch im Bildungszentrum Bau Sigmaringen \u2013 Einblicke in das Bauhandwerk f\u00fcr die 8er-Lerngruppen Am Mittwoch, den 22. Oktober besuchten die beiden 8er-Lerngruppen des Schulzentrums Stetten gemeinsam mit den Lehrkr\u00e4ften Herrn &hellip; <\/p>","protected":false},"author":26,"featured_media":8504,"comment_status":"closed","ping_status":"closed","sticky":false,"template":"","format":"standard","meta":{"footnotes":""},"categories":[44,1,21],"tags":[],"class_list":["post-8502","post","type-post","status-publish","format-standard","has-post-thumbnail","hentry","category-berufsorientierung","category-allgemein","category-exkursionen-und-lerngaenge"],"_links":{"self":[{"href":"https:\/\/www.schulzentrum-stetten-akm.de\/sr\/wp-json\/wp\/v2\/posts\/8502","targetHints":{"allow":["GET"]}}],"collection":[{"href":"https:\/\/www.schulzentrum-stetten-akm.de\/sr\/wp-json\/wp\/v2\/posts"}],"about":[{"href":"https:\/\/www.schulzentrum-stetten-akm.de\/sr\/wp-json\/wp\/v2\/types\/post"}],"author":[{"embeddable":true,"href":"https:\/\/www.schulzentrum-stetten-akm.de\/sr\/wp-json\/wp\/v2\/users\/26"}],"replies":[{"embeddable":true,"href":"https:\/\/www.schulzentrum-stetten-akm.de\/sr\/wp-json\/wp\/v2\/comments?post=8502"}],"version-history":[{"count":4,"href":"https:\/\/www.schulzentrum-stetten-akm.de\/sr\/wp-json\/wp\/v2\/posts\/8502\/revisions"}],"predecessor-version":[{"id":8514,"href":"https:\/\/www.schulzentrum-stetten-akm.de\/sr\/wp-json\/wp\/v2\/posts\/8502\/revisions\/8514"}],"wp:featuredmedia":[{"embeddable":true,"href":"https:\/\/www.schulzentrum-stetten-akm.de\/sr\/wp-json\/wp\/v2\/media\/8504"}],"wp:attachment":[{"href":"https:\/\/www.schulzentrum-stetten-akm.de\/sr\/wp-json\/wp\/v2\/media?parent=8502"}],"wp:term":[{"taxonomy":"category","embeddable":true,"href":"https:\/\/www.schulzentrum-stetten-akm.de\/sr\/wp-json\/wp\/v2\/categories?post=8502"},{"taxonomy":"post_tag","embeddable":true,"href":"https:\/\/www.schulzentrum-stetten-akm.de\/sr\/wp-json\/wp\/v2\/tags?post=8502"}],"curies":[{"name":"wp","href":"https:\/\/api.w.org\/{rel}","templated":true}]}}