{"id":8196,"date":"2025-06-26T17:26:07","date_gmt":"2025-06-26T15:26:07","guid":{"rendered":"https:\/\/www.schulzentrum-stetten-akm.de\/?p=8196"},"modified":"2025-06-26T18:31:47","modified_gmt":"2025-06-26T16:31:47","slug":"erste-hilfe-fuer-kleine-radprofis","status":"publish","type":"post","link":"https:\/\/www.schulzentrum-stetten-akm.de\/sr\/erste-hilfe-fuer-kleine-radprofis\/","title":{"rendered":"Erste Hilfe f\u00fcr kleine Radprofis"},"content":{"rendered":"<p><br><em>Viertkl\u00e4ssler lernen lebensrettende Ma\u00dfnahmen im Stra\u00dfenverkehr<\/em><\/p>\n\n\n\n<p>In dieser Woche fand am Schulzentrum Stetten am kalten Markt ein besonderer Baustein der Verkehrserziehung statt: Die Sch\u00fcler der beiden vierten Klassen nahmen an einem altersgerechten Erste-Hilfe-Kurs teil.<\/p>\n\n\n\n<p>Am Dienstag, den 24. Juni, war Frau Johanna Mater in der Klasse 4b zu Gast, am Donnerstag, den 26. Juni, in der Klasse 4a. Die erfahrene Ausbilderin f\u00fchrte die Kinder professionell und mit viel p\u00e4dagogischem Gesp\u00fcr in die Grundlagen der Ersten Hilfe ein \u2013 ganz nach dem Motto:&nbsp;<strong>\u201eRadfahren will gelernt sein \u2013 Helfen auch.\u201c<\/strong><\/p>\n\n\n\n<p>Die Schulung ist Teil der Radfahrausbildung und richtet sich gezielt an Kinder, die mit Bestehen der Fahrradpr\u00fcfung bald eigenst\u00e4ndig am Stra\u00dfenverkehr teilnehmen. In einem handlungsorientierten Unterricht erlernten die Kinder lebenswichtige Ma\u00dfnahmen: Eigenschutz, das Absichern einer Unfallstelle, das Absetzen eines Notrufs, das Anlegen kleiner Wundverb\u00e4nde und das richtige Verhalten bei Bewusstlosigkeit.<\/p>\n\n\n\n<p>Mit viel Engagement und anschaulichen Beispielen vermittelte Frau Johanna Mater nicht nur Wissen, sondern auch Selbstvertrauen f\u00fcr den Ernstfall. Am Ende der lehrreichen Vormittage erhielten alle Kinder eine Teilnahmebescheinigung.<\/p>\n\n\n\n<p>Wir danken Frau Johanna Mater herzlich f\u00fcr ihr wertvolles Engagement \u2013 und den Viertkl\u00e4sslern w\u00fcnschen wir sicheres und umsichtiges Verhalten im Stra\u00dfenverkehr!<\/p>\n\n\n\n<hr class=\"wp-block-separator has-alpha-channel-opacity\"\/>\n\n\n\n<figure class=\"wp-block-image size-large\"><img loading=\"lazy\" decoding=\"async\" width=\"1024\" height=\"769\" src=\"https:\/\/www.schulzentrum-stetten-akm.de\/wp-content\/uploads\/2025\/06\/PHOTO-2025-06-26-18-04-41-1024x769.jpg\" alt=\"\" class=\"wp-image-8207\" srcset=\"https:\/\/www.schulzentrum-stetten-akm.de\/wp-content\/uploads\/2025\/06\/PHOTO-2025-06-26-18-04-41-1024x769.jpg 1024w, https:\/\/www.schulzentrum-stetten-akm.de\/wp-content\/uploads\/2025\/06\/PHOTO-2025-06-26-18-04-41-300x225.jpg 300w, https:\/\/www.schulzentrum-stetten-akm.de\/wp-content\/uploads\/2025\/06\/PHOTO-2025-06-26-18-04-41-768x576.jpg 768w, https:\/\/www.schulzentrum-stetten-akm.de\/wp-content\/uploads\/2025\/06\/PHOTO-2025-06-26-18-04-41-1536x1153.jpg 1536w, https:\/\/www.schulzentrum-stetten-akm.de\/wp-content\/uploads\/2025\/06\/PHOTO-2025-06-26-18-04-41-16x12.jpg 16w, https:\/\/www.schulzentrum-stetten-akm.de\/wp-content\/uploads\/2025\/06\/PHOTO-2025-06-26-18-04-41.jpg 1600w\" sizes=\"auto, (max-width: 1024px) 100vw, 1024px\" \/><\/figure>","protected":false},"excerpt":{"rendered":"<p>Viertkl\u00e4ssler lernen lebensrettende Ma\u00dfnahmen im Stra\u00dfenverkehr In dieser Woche fand am Schulzentrum Stetten am kalten Markt ein besonderer Baustein der Verkehrserziehung statt: Die Sch\u00fcler der beiden vierten Klassen nahmen an &hellip; <\/p>","protected":false},"author":26,"featured_media":8211,"comment_status":"closed","ping_status":"closed","sticky":false,"template":"","format":"standard","meta":{"footnotes":""},"categories":[1,22],"tags":[],"class_list":["post-8196","post","type-post","status-publish","format-standard","has-post-thumbnail","hentry","category-allgemein","category-schulalltag"],"_links":{"self":[{"href":"https:\/\/www.schulzentrum-stetten-akm.de\/sr\/wp-json\/wp\/v2\/posts\/8196","targetHints":{"allow":["GET"]}}],"collection":[{"href":"https:\/\/www.schulzentrum-stetten-akm.de\/sr\/wp-json\/wp\/v2\/posts"}],"about":[{"href":"https:\/\/www.schulzentrum-stetten-akm.de\/sr\/wp-json\/wp\/v2\/types\/post"}],"author":[{"embeddable":true,"href":"https:\/\/www.schulzentrum-stetten-akm.de\/sr\/wp-json\/wp\/v2\/users\/26"}],"replies":[{"embeddable":true,"href":"https:\/\/www.schulzentrum-stetten-akm.de\/sr\/wp-json\/wp\/v2\/comments?post=8196"}],"version-history":[{"count":9,"href":"https:\/\/www.schulzentrum-stetten-akm.de\/sr\/wp-json\/wp\/v2\/posts\/8196\/revisions"}],"predecessor-version":[{"id":8212,"href":"https:\/\/www.schulzentrum-stetten-akm.de\/sr\/wp-json\/wp\/v2\/posts\/8196\/revisions\/8212"}],"wp:featuredmedia":[{"embeddable":true,"href":"https:\/\/www.schulzentrum-stetten-akm.de\/sr\/wp-json\/wp\/v2\/media\/8211"}],"wp:attachment":[{"href":"https:\/\/www.schulzentrum-stetten-akm.de\/sr\/wp-json\/wp\/v2\/media?parent=8196"}],"wp:term":[{"taxonomy":"category","embeddable":true,"href":"https:\/\/www.schulzentrum-stetten-akm.de\/sr\/wp-json\/wp\/v2\/categories?post=8196"},{"taxonomy":"post_tag","embeddable":true,"href":"https:\/\/www.schulzentrum-stetten-akm.de\/sr\/wp-json\/wp\/v2\/tags?post=8196"}],"curies":[{"name":"wp","href":"https:\/\/api.w.org\/{rel}","templated":true}]}}