{"id":7977,"date":"2025-03-06T12:49:48","date_gmt":"2025-03-06T11:49:48","guid":{"rendered":"https:\/\/www.schulzentrum-stetten-akm.de\/?p=7977"},"modified":"2025-03-19T19:36:51","modified_gmt":"2025-03-19T18:36:51","slug":"wahlhelferinnen-der-juniorwahl-fuer-ihren-einsatz-geehrt","status":"publish","type":"post","link":"https:\/\/www.schulzentrum-stetten-akm.de\/sr\/wahlhelferinnen-der-juniorwahl-fuer-ihren-einsatz-geehrt\/","title":{"rendered":"Juniorwahl: Wahlhelferinnen geehrt"},"content":{"rendered":"<p><strong>B\u00fcrgermeister Lehn w\u00fcrdigt freiwilliges Engagement<\/strong><\/p>\n\n\n\n<p>Am Dienstag, den 25. Februar, wurden die Sch\u00fclerwahlhelfer f\u00fcr ihren Einsatz bei den Juniorwahlen am Schulzentrum Stetten a.k.M. offiziell geehrt. Die Wahlen fanden vom 17. bis 19. Februar statt. B\u00fcrgermeister Herr Lehn lud die freiwilligen Helferinnen zu einem Empfang ins Rathaus ein, um deren Beitrag w\u00e4hrend der Vorbereitung, Durchf\u00fchrung und Ausz\u00e4hlung der Juniorwahl zu w\u00fcrdigen. Nach einem gemeinsamen Gespr\u00e4ch, welches sich mit der Bedeutung, dem Ablauf und dem Ausgang der Juniorwahlen sowie der Bundestagswahlen befasste, wurden die Wahlhelferinnen mit ihren offiziellen Urkunden ausgezeichnet.<\/p>\n\n\n\n<p>Das Bestreben der Juniorwahl bestand darin, den Sch\u00fclerinnen und Sch\u00fclern des Schulzentrums die M\u00f6glichkeit zu bieten, den Ablauf von Wahlen zu erleben und den Prozess eines Wahlganges zu simulieren. Den Jugendlichen wurde die Gelegenheit geboten, mittels der Juniorwahl ihrer Stimme f\u00fcr die Bundestagswahl Ausdruck zu geben. Teilnehmen konnten alle Sch\u00fclerinnen und Sch\u00fcler der Lerngruppen 7 bis 10. Nachdem sie eine Wahlbenachrichtigung erhalten hatten, konnten sie ihre Stimme im eigens eingerichteten Wahllokal abgeben.&nbsp;Nach einer vorbereitenden Schulung unter Leitung der Gemeindemitarbeiterin Frau Ritter z\u00e4hlten die Wahlhelferinnen unter ihrer Anleitung die Stimmen aus.&nbsp;&nbsp;<\/p>\n\n\n\n<p>Die Durchf\u00fchrung der Juniorwahl am Schulzentrum wurde von den freiwilligen Sch\u00fclerwahlhelferinnen mit gro\u00dfem Engagement begleitet. Durch ihren Einsatz konnten sich alle Sch\u00fclerinnen und Sch\u00fcler nicht nur theoretisches Wissen aneignen und vertiefen, sondern auch hautnah erleben, wie das deutsche Wahlsystem funktioniert. Das Engagement der jungen Menschen ist ein wichtiger Beitrag f\u00fcr die Vermittlung der demokratischen Bildung am Schulzentrum.&nbsp;<\/p>\n\n\n\n<p>Quelle: Sarah Birkhofer<\/p>","protected":false},"excerpt":{"rendered":"<p>B\u00fcrgermeister Lehn w\u00fcrdigt freiwilliges Engagement Am Dienstag, den 25. Februar, wurden die Sch\u00fclerwahlhelfer f\u00fcr ihren Einsatz bei den Juniorwahlen am Schulzentrum Stetten a.k.M. offiziell geehrt. Die Wahlen fanden vom 17. &hellip; <\/p>","protected":false},"author":26,"featured_media":7980,"comment_status":"closed","ping_status":"open","sticky":false,"template":"","format":"standard","meta":{"footnotes":""},"categories":[1,22],"tags":[],"class_list":["post-7977","post","type-post","status-publish","format-standard","has-post-thumbnail","hentry","category-allgemein","category-schulalltag"],"_links":{"self":[{"href":"https:\/\/www.schulzentrum-stetten-akm.de\/sr\/wp-json\/wp\/v2\/posts\/7977","targetHints":{"allow":["GET"]}}],"collection":[{"href":"https:\/\/www.schulzentrum-stetten-akm.de\/sr\/wp-json\/wp\/v2\/posts"}],"about":[{"href":"https:\/\/www.schulzentrum-stetten-akm.de\/sr\/wp-json\/wp\/v2\/types\/post"}],"author":[{"embeddable":true,"href":"https:\/\/www.schulzentrum-stetten-akm.de\/sr\/wp-json\/wp\/v2\/users\/26"}],"replies":[{"embeddable":true,"href":"https:\/\/www.schulzentrum-stetten-akm.de\/sr\/wp-json\/wp\/v2\/comments?post=7977"}],"version-history":[{"count":3,"href":"https:\/\/www.schulzentrum-stetten-akm.de\/sr\/wp-json\/wp\/v2\/posts\/7977\/revisions"}],"predecessor-version":[{"id":8007,"href":"https:\/\/www.schulzentrum-stetten-akm.de\/sr\/wp-json\/wp\/v2\/posts\/7977\/revisions\/8007"}],"wp:featuredmedia":[{"embeddable":true,"href":"https:\/\/www.schulzentrum-stetten-akm.de\/sr\/wp-json\/wp\/v2\/media\/7980"}],"wp:attachment":[{"href":"https:\/\/www.schulzentrum-stetten-akm.de\/sr\/wp-json\/wp\/v2\/media?parent=7977"}],"wp:term":[{"taxonomy":"category","embeddable":true,"href":"https:\/\/www.schulzentrum-stetten-akm.de\/sr\/wp-json\/wp\/v2\/categories?post=7977"},{"taxonomy":"post_tag","embeddable":true,"href":"https:\/\/www.schulzentrum-stetten-akm.de\/sr\/wp-json\/wp\/v2\/tags?post=7977"}],"curies":[{"name":"wp","href":"https:\/\/api.w.org\/{rel}","templated":true}]}}