{"id":7820,"date":"2025-02-17T20:41:51","date_gmt":"2025-02-17T19:41:51","guid":{"rendered":"https:\/\/www.schulzentrum-stetten-akm.de\/?p=7820"},"modified":"2025-02-20T16:16:19","modified_gmt":"2025-02-20T15:16:19","slug":"jugend-trainiert-fuer-olympia-rb-finale-basketball-in-ulm","status":"publish","type":"post","link":"https:\/\/www.schulzentrum-stetten-akm.de\/sr\/jugend-trainiert-fuer-olympia-rb-finale-basketball-in-ulm\/","title":{"rendered":"Jugend trainiert f\u00fcr Olympia \u2013 RB-Finale Basketball in Ulm"},"content":{"rendered":"<p>Am 12. Februar 2025 traten zehn Sch\u00fcler der Klassen 9 und 10 beim Regierungsbezirksfinale von&nbsp;<em>Jugend trainiert f\u00fcr Olympia<\/em>&nbsp;in Ulm an. Nach der Anreise mit der Bahn stellten sie im Sportzentrum Kuhberg ihr K\u00f6nnen auf dem Basketballfeld unter Beweis.<\/p>\n\n\n\n<p>In spannenden Spielen traf unser Team auf \u00e4u\u00dferst starke Gegner aus T\u00fcbingen und Reutlingen. Trotz gro\u00dfem Einsatz reichte es diesmal nicht f\u00fcr einen Sieg, doch am Ende stand ein beachtlicher f\u00fcnfter Platz zu Buche.<\/p>\n\n\n\n<p>Zum Abschluss lie\u00df die Mannschaft den Tag mit einem gemeinsamen Besuch in der Ulmer Fu\u00dfg\u00e4ngerzone ausklingen. Neben einer St\u00e4rkung blieb auch Zeit, das Erlebnis Revue passieren zu lassen.<\/p>\n\n\n\n<p>Ein besonderer Tag voller sportlicher Herausforderungen und Teamgeist \u2013 wir sind stolz auf unsere Basketballer!<\/p>\n\n\n\n<figure class=\"wp-block-image size-large\"><img loading=\"lazy\" decoding=\"async\" width=\"1024\" height=\"771\" src=\"https:\/\/www.schulzentrum-stetten-akm.de\/wp-content\/uploads\/2025\/02\/IMG_0254-1024x771.jpeg\" alt=\"\" class=\"wp-image-7822\" srcset=\"https:\/\/www.schulzentrum-stetten-akm.de\/wp-content\/uploads\/2025\/02\/IMG_0254-1024x771.jpeg 1024w, https:\/\/www.schulzentrum-stetten-akm.de\/wp-content\/uploads\/2025\/02\/IMG_0254-300x226.jpeg 300w, https:\/\/www.schulzentrum-stetten-akm.de\/wp-content\/uploads\/2025\/02\/IMG_0254-768x578.jpeg 768w, https:\/\/www.schulzentrum-stetten-akm.de\/wp-content\/uploads\/2025\/02\/IMG_0254-16x12.jpeg 16w, https:\/\/www.schulzentrum-stetten-akm.de\/wp-content\/uploads\/2025\/02\/IMG_0254.jpeg 1080w\" sizes=\"auto, (max-width: 1024px) 100vw, 1024px\" \/><\/figure>\n\n\n\n<p>Quelle: J\u00f6rg Mahler<\/p>\n\n\n\n<p><\/p>\n\n\n\n<p><\/p>","protected":false},"excerpt":{"rendered":"<p>Am 12. Februar 2025 traten zehn Sch\u00fcler der Klassen 9 und 10 beim Regierungsbezirksfinale von&nbsp;Jugend trainiert f\u00fcr Olympia&nbsp;in Ulm an. Nach der Anreise mit der Bahn stellten sie im Sportzentrum &hellip; <\/p>","protected":false},"author":26,"featured_media":7821,"comment_status":"closed","ping_status":"closed","sticky":false,"template":"","format":"standard","meta":{"footnotes":""},"categories":[1,23],"tags":[],"class_list":["post-7820","post","type-post","status-publish","format-standard","has-post-thumbnail","hentry","category-allgemein","category-sport"],"_links":{"self":[{"href":"https:\/\/www.schulzentrum-stetten-akm.de\/sr\/wp-json\/wp\/v2\/posts\/7820","targetHints":{"allow":["GET"]}}],"collection":[{"href":"https:\/\/www.schulzentrum-stetten-akm.de\/sr\/wp-json\/wp\/v2\/posts"}],"about":[{"href":"https:\/\/www.schulzentrum-stetten-akm.de\/sr\/wp-json\/wp\/v2\/types\/post"}],"author":[{"embeddable":true,"href":"https:\/\/www.schulzentrum-stetten-akm.de\/sr\/wp-json\/wp\/v2\/users\/26"}],"replies":[{"embeddable":true,"href":"https:\/\/www.schulzentrum-stetten-akm.de\/sr\/wp-json\/wp\/v2\/comments?post=7820"}],"version-history":[{"count":3,"href":"https:\/\/www.schulzentrum-stetten-akm.de\/sr\/wp-json\/wp\/v2\/posts\/7820\/revisions"}],"predecessor-version":[{"id":7839,"href":"https:\/\/www.schulzentrum-stetten-akm.de\/sr\/wp-json\/wp\/v2\/posts\/7820\/revisions\/7839"}],"wp:featuredmedia":[{"embeddable":true,"href":"https:\/\/www.schulzentrum-stetten-akm.de\/sr\/wp-json\/wp\/v2\/media\/7821"}],"wp:attachment":[{"href":"https:\/\/www.schulzentrum-stetten-akm.de\/sr\/wp-json\/wp\/v2\/media?parent=7820"}],"wp:term":[{"taxonomy":"category","embeddable":true,"href":"https:\/\/www.schulzentrum-stetten-akm.de\/sr\/wp-json\/wp\/v2\/categories?post=7820"},{"taxonomy":"post_tag","embeddable":true,"href":"https:\/\/www.schulzentrum-stetten-akm.de\/sr\/wp-json\/wp\/v2\/tags?post=7820"}],"curies":[{"name":"wp","href":"https:\/\/api.w.org\/{rel}","templated":true}]}}