{"id":7366,"date":"2024-09-17T20:57:55","date_gmt":"2024-09-17T18:57:55","guid":{"rendered":"https:\/\/www.schulzentrum-stetten-akm.de\/?p=7366"},"modified":"2024-09-20T11:36:44","modified_gmt":"2024-09-20T09:36:44","slug":"denn-schule-ist-mehr-als-nur-ein-lernort","status":"publish","type":"post","link":"https:\/\/www.schulzentrum-stetten-akm.de\/sr\/denn-schule-ist-mehr-als-nur-ein-lernort\/","title":{"rendered":"&#8230;. denn Schule ist mehr als nur ein Lernort"},"content":{"rendered":"<p>Hallo liebe Eltern und Sch\u00fcler*innen,<\/p>\n\n\n\n<p>wir d\u00fcrfen uns freuen, die Sch\u00fcler*innen durch das Schuljahr 2024\/25 zu begleiten. Unser Team besteht dieses Jahr aus dem Praktikanten Florian Dattke, der dualen Studentin Celina Kliche und dem Sozialp\u00e4dagogen Leonhard L\u00f6ffler. Gemeinsam verstehen wir uns als offenes Ohr f\u00fcr alle am Schulleben Beteiligten und als Br\u00fcckenbauer zwischen verschiedenen Akteuren innerhalb, sowie au\u00dferhalb der Schule. Das Ziel ist die St\u00e4rkung der Kompetenzen und Ressourcen der Sch\u00fcler*innen und die Begleitung durch herausfordernde Situationen auf ihrem Weg.<\/p>\n\n\n\n<p>&#8222;St\u00fcrme bringen B\u00e4ume dazu, tiefere Wurzeln zu schlagen.&#8220;<\/p>\n\n\n\n<p>Wir sind per Telefon, Mail oder \u00fcber Instagram erreichbar. Wir freuen uns auf euch \/ Sie!<\/p>\n\n\n\n<p>Das Team der Schulsozialarbeit<\/p>\n\n\n\n<p>E-Mail: le.loeffler@mariaberg.de &#8211; Telefon: 07573-951922 oder 0177-9772717<\/p>\n\n\n\n<p><em>Quelle: Bild und Text von Leonhard L\u00f6ffler<\/em><\/p>\n\n\n\n<p><\/p>","protected":false},"excerpt":{"rendered":"<p>Hallo liebe Eltern und Sch\u00fcler*innen, wir d\u00fcrfen uns freuen, die Sch\u00fcler*innen durch das Schuljahr 2024\/25 zu begleiten. Unser Team besteht dieses Jahr aus dem Praktikanten Florian Dattke, der dualen Studentin &hellip; <\/p>","protected":false},"author":26,"featured_media":7367,"comment_status":"closed","ping_status":"closed","sticky":false,"template":"","format":"standard","meta":{"footnotes":""},"categories":[1,26],"tags":[],"class_list":["post-7366","post","type-post","status-publish","format-standard","has-post-thumbnail","hentry","category-allgemein","category-schulsozialarbeit"],"_links":{"self":[{"href":"https:\/\/www.schulzentrum-stetten-akm.de\/sr\/wp-json\/wp\/v2\/posts\/7366","targetHints":{"allow":["GET"]}}],"collection":[{"href":"https:\/\/www.schulzentrum-stetten-akm.de\/sr\/wp-json\/wp\/v2\/posts"}],"about":[{"href":"https:\/\/www.schulzentrum-stetten-akm.de\/sr\/wp-json\/wp\/v2\/types\/post"}],"author":[{"embeddable":true,"href":"https:\/\/www.schulzentrum-stetten-akm.de\/sr\/wp-json\/wp\/v2\/users\/26"}],"replies":[{"embeddable":true,"href":"https:\/\/www.schulzentrum-stetten-akm.de\/sr\/wp-json\/wp\/v2\/comments?post=7366"}],"version-history":[{"count":5,"href":"https:\/\/www.schulzentrum-stetten-akm.de\/sr\/wp-json\/wp\/v2\/posts\/7366\/revisions"}],"predecessor-version":[{"id":7376,"href":"https:\/\/www.schulzentrum-stetten-akm.de\/sr\/wp-json\/wp\/v2\/posts\/7366\/revisions\/7376"}],"wp:featuredmedia":[{"embeddable":true,"href":"https:\/\/www.schulzentrum-stetten-akm.de\/sr\/wp-json\/wp\/v2\/media\/7367"}],"wp:attachment":[{"href":"https:\/\/www.schulzentrum-stetten-akm.de\/sr\/wp-json\/wp\/v2\/media?parent=7366"}],"wp:term":[{"taxonomy":"category","embeddable":true,"href":"https:\/\/www.schulzentrum-stetten-akm.de\/sr\/wp-json\/wp\/v2\/categories?post=7366"},{"taxonomy":"post_tag","embeddable":true,"href":"https:\/\/www.schulzentrum-stetten-akm.de\/sr\/wp-json\/wp\/v2\/tags?post=7366"}],"curies":[{"name":"wp","href":"https:\/\/api.w.org\/{rel}","templated":true}]}}