{"id":6966,"date":"2024-07-01T19:04:56","date_gmt":"2024-07-01T17:04:56","guid":{"rendered":"https:\/\/www.schulzentrum-stetten-akm.de\/?p=6966"},"modified":"2024-07-01T19:19:38","modified_gmt":"2024-07-01T17:19:38","slug":"schulzentrum-erhaelt-boris-berufswahlsiegel-baden-wuerttemberg","status":"publish","type":"post","link":"https:\/\/www.schulzentrum-stetten-akm.de\/sr\/schulzentrum-erhaelt-boris-berufswahlsiegel-baden-wuerttemberg\/","title":{"rendered":"Schulzentrum erh\u00e4lt BoriS-Berufswahl-SIEGEL Baden-W\u00fcrttemberg"},"content":{"rendered":"<p>Es ist ein weiterer Meilenstein der Berufsorientierung am Schulzentrum Stetten: am vergangenen Dienstag, dem 25.6., nahmen Rektor Dr. Christof Probst und die BO-Beauftragte Jessica Zwick in Weingarten mit sichtlichem Stolz das hellblaue BoriS-Schild in Empfang. Drei Jahre beh\u00e4lt die Auszeichnung ihre G\u00fcltigkeit, danach kann sie in einer Rezertifizierung f\u00fcr f\u00fcnf Jahre erworben werden.<\/p>\n\n\n\n<p>&#8222;Das ist kein Pr\u00e4dikat, das man einfach so nebenbei mitnimmt&#8220;, erl\u00e4utert Dr. Probst den Zertifizierungsprozess. &#8222;Es steckt eine Menge kontinuierlicher Planung und Durchf\u00fchrung von Praxis-Projekten dahinter. Die einzelnen Aktivit\u00e4ten m\u00fcssen nachweisbar erbrachte Leistungen der Berufs- und Studienorientierung sein, die in der Schulstruktur fest verankert sind und \u00fcber einen mehrj\u00e4hrigen Zeitraum auch unabh\u00e4ngig von personellen Ver\u00e4nderungen aufrecht erhalten werden k\u00f6nnen.&#8220;<\/p>\n\n\n\n<p>Das BoriS-Siegel zeichnet alle diejenigen weiterf\u00fchrenden und allgemeinbildenden Schulen in Baden-W\u00fcrttemberg aus, die \u00fcber die in den Bildungspl\u00e4nen und Verwaltungsvorschriften geforderten Standards der BO weit hinausgehen. Ziel der Vergabe ist es, eine hohe bis hervorragende BO-Qualit\u00e4t einzelner Schulen nach au\u00dfen hin sichtbar zu machen. Ins Leben gerufen wurde das <em>&#8222;Netzwerk Berufswahl-SIEGEL&#8220;<\/em> bereits 2004 von einzelnen Regionen Baden-W\u00fcrttembergs zusammen mit der Bertelsmann-Stiftung, um ein verl\u00e4ssliches Instrument gemeisamer Qualit\u00e4tsstandards und der Fachkr\u00e4ftesicherung zu etablieren.<\/p>\n\n\n\n<p>&#8222;Bei der Verleihung in der IHK Bodensee-Oberschwaben waren sowohl neue Schule anwesend als auch solche, die rezertifiziert wurden&#8220;, berichtet Jessica Zwick. &#8222;Der Leiter der Gesch\u00e4ftsstelle BoriS-Berufswahl-SIEGEL Baden-W\u00fcrttemberg Alexander Urban hie\u00df uns in einer Ansprache willkommen, bevor wir unser Schild und das Zertifikat bekamen. Grundlage daf\u00fcr, dass wir diesen Schritt gehen konnten, war das Absolvieren eines umfassenden Kriterienkataloges mit einem Audit an der eigenen Schule, in dem wir zu den verschiedenen Feldern der BO befragt worden waren.&#8220;<\/p>\n\n\n\n<p>Neben dem Themenbereich <em>&#8222;Jugendliche im Fokus&#8220;<\/em> umfasst der Kriterienkatalog Aussagen zum <em>&#8222;System Schule&#8220;<\/em> sowie <em>&#8222;Schule im Netzwerk&#8220;<\/em>, deren Funktionalit\u00e4t f\u00fcr die BO anhand einer f\u00fcnfstufigen Skala eingeordnet wird. Die Schule muss neben ihren Curricula eine umfassende Dokumentation, zum Beispiel ein Schulportfolio, vorlegen. Die Bewertungsma\u00dfst\u00e4be sind streng &#8211; kann die Schule bei einer Aussage wie <em>&#8222;Unsere Schule definiert die Berufliche Orientierung in konkreter Form im Schulkonzept mittels Zielformulierung und hat hierzu ein stufen\u00fcbergreifendes Konzept.&#8220;<\/em> nur das Item <em>&#8222;teils\/teils&#8220;<\/em> ankreuzen, muss erst nochmal nachgesteuert werden, bevor das Siegel in greifbare N\u00e4he r\u00fcckt. Die berufliche Orientierung muss in den meisten F\u00e4chern und in jedem Schuljahr fixe Bestandteile an Themen und Inhalten bieten, die von allen Lehrkr\u00e4ften verpflichtend durchzuf\u00fchren sind.<\/p>\n\n\n\n<p>&#8222;Das Schulzentrum ist f\u00fcr seine hervorragende Dokumentation ausgezeichnet worden&#8220;, erl\u00e4utert Jessica Zwick die Gelingensbedingungen dieser Mammut-Aufgabe der Schulentwicklung, an der etliche Kolleginnen und Kollegen \u00fcber Jahre hinweg mitgearbeitet haben. Trotzdem kommt mit der Siegel-Vergabe der Arbeitsprozess nicht etwa zum Stillstand auf dem erreichten Status-Quo: &#8222;F\u00fcr die n\u00e4chste Zeit wird \u00fcberlegt, ob wir eventuell unsere Berufspraktika auf einen zweiw\u00f6chigen Zeitraum verl\u00e4ngern.&#8220; In der Diskussion steht derzeit auch, inwiefern man die Lernstufe 5 bereits in die BO-Vorbereitung mit einbeziehen wird.<\/p>\n\n\n\n<p>Besonders genossen hat Frau Zwick die Austauschrunde mit den anderen Schulen: &#8222;Das ist wirklich toll, wenn man bei H\u00e4ppchen und Getr\u00e4nken mit den Kolleginnen und Kollegen von anderswo in den Austausch geht und sich mit vielen Anregungen bereichern l\u00e4sst &#8211; ich konnte die Leute fragen, wie habt ihr dieses gemacht, welchen Tipp habt ihr f\u00fcr jene Fragestellung, und auch meine eigenen Erfahrungen aus der BO in diesen kreativen Ideenpool einbringen!&#8220;<\/p>\n\n\n\n<p>Davon wird im n\u00e4chsten Schuljahr noch zu berichten sein &#8211; und das Fernziel in der BO am Schulzentrum steht selbstverst\u00e4ndlich auch schon fest: &#8222;Wir streben in den n\u00e4chsten Jahren die Rezertifizierung an&#8220;, teilt Dr. Probst mit. &#8222;Nicht nur, damit sich die ganze Arbeit gelohnt hat &#8211; das Berufswahlsiegel ist ein Ausweis nachhaltiger Schulqualit\u00e4t, die den komplexen Anforderungen, die der Arbeitsmarkt aktuell an Auszubildende stellt, quasi am Puls der Zeit gerecht wird.&#8220;<\/p>\n\n\n\n<p><\/p>\n\n\n\n<p><\/p>\n\n\n\n<p><\/p>","protected":false},"excerpt":{"rendered":"<p>Es ist ein weiterer Meilenstein der Berufsorientierung am Schulzentrum Stetten: am vergangenen Dienstag, dem 25.6., nahmen Rektor Dr. Christof Probst und die BO-Beauftragte Jessica Zwick in Weingarten mit sichtlichem Stolz &hellip; <\/p>","protected":false},"author":1,"featured_media":6967,"comment_status":"closed","ping_status":"closed","sticky":false,"template":"","format":"standard","meta":{"footnotes":""},"categories":[44],"tags":[],"class_list":["post-6966","post","type-post","status-publish","format-standard","has-post-thumbnail","hentry","category-berufsorientierung"],"_links":{"self":[{"href":"https:\/\/www.schulzentrum-stetten-akm.de\/sr\/wp-json\/wp\/v2\/posts\/6966","targetHints":{"allow":["GET"]}}],"collection":[{"href":"https:\/\/www.schulzentrum-stetten-akm.de\/sr\/wp-json\/wp\/v2\/posts"}],"about":[{"href":"https:\/\/www.schulzentrum-stetten-akm.de\/sr\/wp-json\/wp\/v2\/types\/post"}],"author":[{"embeddable":true,"href":"https:\/\/www.schulzentrum-stetten-akm.de\/sr\/wp-json\/wp\/v2\/users\/1"}],"replies":[{"embeddable":true,"href":"https:\/\/www.schulzentrum-stetten-akm.de\/sr\/wp-json\/wp\/v2\/comments?post=6966"}],"version-history":[{"count":4,"href":"https:\/\/www.schulzentrum-stetten-akm.de\/sr\/wp-json\/wp\/v2\/posts\/6966\/revisions"}],"predecessor-version":[{"id":6971,"href":"https:\/\/www.schulzentrum-stetten-akm.de\/sr\/wp-json\/wp\/v2\/posts\/6966\/revisions\/6971"}],"wp:featuredmedia":[{"embeddable":true,"href":"https:\/\/www.schulzentrum-stetten-akm.de\/sr\/wp-json\/wp\/v2\/media\/6967"}],"wp:attachment":[{"href":"https:\/\/www.schulzentrum-stetten-akm.de\/sr\/wp-json\/wp\/v2\/media?parent=6966"}],"wp:term":[{"taxonomy":"category","embeddable":true,"href":"https:\/\/www.schulzentrum-stetten-akm.de\/sr\/wp-json\/wp\/v2\/categories?post=6966"},{"taxonomy":"post_tag","embeddable":true,"href":"https:\/\/www.schulzentrum-stetten-akm.de\/sr\/wp-json\/wp\/v2\/tags?post=6966"}],"curies":[{"name":"wp","href":"https:\/\/api.w.org\/{rel}","templated":true}]}}