{"id":6611,"date":"2023-12-21T16:41:00","date_gmt":"2023-12-21T15:41:00","guid":{"rendered":"https:\/\/www.schulzentrum-stetten-akm.de\/?p=6611"},"modified":"2023-12-21T16:50:36","modified_gmt":"2023-12-21T15:50:36","slug":"weihnachten-in-gefahr","status":"publish","type":"post","link":"https:\/\/www.schulzentrum-stetten-akm.de\/sr\/weihnachten-in-gefahr\/","title":{"rendered":"Weihnachten in Gefahr"},"content":{"rendered":"<p><em>Artikel von Dorothea Asal.<\/em> <\/p>\n\n\n\n<p>Ach du Schreck! Der Weihnachtsmann kann die Geschenke nicht ausliefern&#8230;! Im weihnachtlichen Theaterst\u00fcck &#8222;Hicks&#8220; sind die Engel und Wichtel in heller Aufregung, weil ein unheimlich hartn\u00e4ckiges Problem den Weihnachtsmann behindert. Dieser dramatische Anfang fesselte alle Erst- und Zweitkl\u00e4ssler in den Auff\u00fchrungen, die Frau Biselli, die Klassenehrerin der 4a, in einem Wandertheater in den letzten Schultagen vor den Ferien in allen &nbsp;1\/2er-Lerngruppen aufff\u00fchrte.<\/p>\n\n\n\n<p>Eine Bl\u00e4sergruppe aus Viertklasskindern sorgte f\u00fcr den weihnachtlichen Einstieg mit &#8222;Alle Jahre Wieder&#8220; und dem Ausklang mit&nbsp; &#8222;Kling Gl\u00f6ckchen&#8220; &#8211;&nbsp;aber es wurde auch getanzt, gesungen, Sternenstaub &nbsp;von den Engeln verstreut und der Weihnachtsmann erschreckt &#8211;&nbsp;er musste sogar einbeinig &#8222;Oh Tannenbaum&#8220; singen und seinen Wichteln das ABC r\u00fcckw\u00e4rts aufsagen! Alles, um diesen l\u00e4cherlichen, aber doch extrem hinderlichen Schluckauf wieder loszuwerden.&nbsp;<\/p>\n\n\n\n<figure class=\"wp-block-image size-large\"><img loading=\"lazy\" decoding=\"async\" width=\"1024\" height=\"734\" src=\"https:\/\/www.schulzentrum-stetten-akm.de\/wp-content\/uploads\/2023\/12\/Theater-1024x734.jpeg\" alt=\"\" class=\"wp-image-6612\" srcset=\"https:\/\/www.schulzentrum-stetten-akm.de\/wp-content\/uploads\/2023\/12\/Theater-1024x734.jpeg 1024w, https:\/\/www.schulzentrum-stetten-akm.de\/wp-content\/uploads\/2023\/12\/Theater-300x215.jpeg 300w, https:\/\/www.schulzentrum-stetten-akm.de\/wp-content\/uploads\/2023\/12\/Theater-768x551.jpeg 768w, https:\/\/www.schulzentrum-stetten-akm.de\/wp-content\/uploads\/2023\/12\/Theater-1536x1102.jpeg 1536w, https:\/\/www.schulzentrum-stetten-akm.de\/wp-content\/uploads\/2023\/12\/Theater-18x12.jpeg 18w, https:\/\/www.schulzentrum-stetten-akm.de\/wp-content\/uploads\/2023\/12\/Theater-120x85.jpeg 120w, https:\/\/www.schulzentrum-stetten-akm.de\/wp-content\/uploads\/2023\/12\/Theater.jpeg 1853w\" sizes=\"auto, (max-width: 1024px) 100vw, 1024px\" \/><figcaption class=\"wp-element-caption\">Wichtige Funktion der Presse: nun kann der Weihnachtsmann doch noch ausliefern.<\/figcaption><\/figure>\n\n\n\n<p>Allerdings&nbsp;erst beim Vorlesen der aktuellen Nachrichten im Rentierkurier, dass es heuer&nbsp;kein Weihnachten geben solle, eben weil der Weihnachtsmann &#8230; &#8211; erst als dieser sich in Rage redet, wie unversch\u00e4mt die derzeitige Presse doch sei &#8211;&nbsp; erst dann verschwindet sein Schluckauf und Weihnachten kann kommen!<br><br>\u200bDie 4a probte das lustige St\u00fcck wochenlang und die Kleinen waren sehr beeindruckt, dass alles auswendig und fehlerfrei vorgetragen und so lebendig gestaltet wurde. Ein herzliches Dankesch\u00f6n an alle, f\u00fcr die Geduld und den Eifer der Klassenkinder und auch das Mitbringen und Mitgestalten aller Requisiten, die zum Gelingen dieser wunderbaren Vorf\u00fchrungen beigetragen haben!<\/p>","protected":false},"excerpt":{"rendered":"<p>Artikel von Dorothea Asal. Ach du Schreck! Der Weihnachtsmann kann die Geschenke nicht ausliefern&#8230;! Im weihnachtlichen Theaterst\u00fcck &#8222;Hicks&#8220; sind die Engel und Wichtel in heller Aufregung, weil ein unheimlich hartn\u00e4ckiges &hellip; <\/p>","protected":false},"author":1,"featured_media":6613,"comment_status":"closed","ping_status":"closed","sticky":false,"template":"","format":"standard","meta":{"footnotes":""},"categories":[22],"tags":[],"class_list":["post-6611","post","type-post","status-publish","format-standard","has-post-thumbnail","hentry","category-schulalltag"],"_links":{"self":[{"href":"https:\/\/www.schulzentrum-stetten-akm.de\/sr\/wp-json\/wp\/v2\/posts\/6611","targetHints":{"allow":["GET"]}}],"collection":[{"href":"https:\/\/www.schulzentrum-stetten-akm.de\/sr\/wp-json\/wp\/v2\/posts"}],"about":[{"href":"https:\/\/www.schulzentrum-stetten-akm.de\/sr\/wp-json\/wp\/v2\/types\/post"}],"author":[{"embeddable":true,"href":"https:\/\/www.schulzentrum-stetten-akm.de\/sr\/wp-json\/wp\/v2\/users\/1"}],"replies":[{"embeddable":true,"href":"https:\/\/www.schulzentrum-stetten-akm.de\/sr\/wp-json\/wp\/v2\/comments?post=6611"}],"version-history":[{"count":3,"href":"https:\/\/www.schulzentrum-stetten-akm.de\/sr\/wp-json\/wp\/v2\/posts\/6611\/revisions"}],"predecessor-version":[{"id":6620,"href":"https:\/\/www.schulzentrum-stetten-akm.de\/sr\/wp-json\/wp\/v2\/posts\/6611\/revisions\/6620"}],"wp:featuredmedia":[{"embeddable":true,"href":"https:\/\/www.schulzentrum-stetten-akm.de\/sr\/wp-json\/wp\/v2\/media\/6613"}],"wp:attachment":[{"href":"https:\/\/www.schulzentrum-stetten-akm.de\/sr\/wp-json\/wp\/v2\/media?parent=6611"}],"wp:term":[{"taxonomy":"category","embeddable":true,"href":"https:\/\/www.schulzentrum-stetten-akm.de\/sr\/wp-json\/wp\/v2\/categories?post=6611"},{"taxonomy":"post_tag","embeddable":true,"href":"https:\/\/www.schulzentrum-stetten-akm.de\/sr\/wp-json\/wp\/v2\/tags?post=6611"}],"curies":[{"name":"wp","href":"https:\/\/api.w.org\/{rel}","templated":true}]}}