{"id":6469,"date":"2023-11-14T13:19:35","date_gmt":"2023-11-14T12:19:35","guid":{"rendered":"https:\/\/www.schulzentrum-stetten-akm.de\/?p=6469"},"modified":"2023-12-14T07:48:03","modified_gmt":"2023-12-14T06:48:03","slug":"exkursion-der-lg-8-imp-profilfach-ins-planetarium-nach-stuttgart","status":"publish","type":"post","link":"https:\/\/www.schulzentrum-stetten-akm.de\/sr\/exkursion-der-lg-8-imp-profilfach-ins-planetarium-nach-stuttgart\/","title":{"rendered":"Exkursion der LG 8 IMP-Profilfach ins Planetarium nach Stuttgart"},"content":{"rendered":"<p>Bericht von Maeve Seidel, Lerngruppe 8.1.<br><br>Zusammen mit einer Schulklasse aus Mengen fuhren wir mit einem Reisebus nach Stuttgart. Dort besuchten wir zuerst das Planetarium.<\/p>\n\n\n\n<p>Auf den St\u00fchlen sollten wir uns zur\u00fccklehnen \u2013 sie wurden so zu einer Liege. Das war sehr bequem. Die digitale Vorf\u00fchrung wurde auf die Raumdecke projiziert. Wir lernten viel \u00fcber Planeten, Sterne und Monde. Au\u00dferdem \u00fcber die Erforschung des Weltraums und dass es vielleicht auf anderen Planeten und Monden Leben geben k\u00f6nnte oder bereits gegeben hat. Die Vorf\u00fchrung fanden wir alle super.<\/p>\n\n\n\n<p>Anschlie\u00dfend hatten wir Mittagspause und durften in Kleingruppen die Stadt erkunden.<\/p>\n\n\n\n<p>Danach fuhren wir ins Mercedes-Benz-Museum. Es gab viele Etagen, auf denen die verschiedenen Autos ausgestellt wurden. Auf der obersten Etage wurde die Zeit vor der Motorisierung dargestellt, jede Etage abw\u00e4rts wurde eine neuere Zeit mit moderneren Fahrzeugen gezeigt. Wir durften das Museum in Kleingruppen selbst erkunden. Zum Abschluss durften wir noch in den Museumsshop.<\/p>\n\n\n\n<p>Dann fuhren wir mit dem Reisebus zur\u00fcck zur Schule. Der Ausflug hat uns allen sehr gut gefallen.<\/p>","protected":false},"excerpt":{"rendered":"<p>Bericht von Maeve Seidel, Lerngruppe 8.1. Zusammen mit einer Schulklasse aus Mengen fuhren wir mit einem Reisebus nach Stuttgart. Dort besuchten wir zuerst das Planetarium. Auf den St\u00fchlen sollten wir &hellip; <\/p>","protected":false},"author":1,"featured_media":6470,"comment_status":"closed","ping_status":"closed","sticky":false,"template":"","format":"standard","meta":{"footnotes":""},"categories":[21],"tags":[],"class_list":["post-6469","post","type-post","status-publish","format-standard","has-post-thumbnail","hentry","category-exkursionen-und-lerngaenge"],"_links":{"self":[{"href":"https:\/\/www.schulzentrum-stetten-akm.de\/sr\/wp-json\/wp\/v2\/posts\/6469","targetHints":{"allow":["GET"]}}],"collection":[{"href":"https:\/\/www.schulzentrum-stetten-akm.de\/sr\/wp-json\/wp\/v2\/posts"}],"about":[{"href":"https:\/\/www.schulzentrum-stetten-akm.de\/sr\/wp-json\/wp\/v2\/types\/post"}],"author":[{"embeddable":true,"href":"https:\/\/www.schulzentrum-stetten-akm.de\/sr\/wp-json\/wp\/v2\/users\/1"}],"replies":[{"embeddable":true,"href":"https:\/\/www.schulzentrum-stetten-akm.de\/sr\/wp-json\/wp\/v2\/comments?post=6469"}],"version-history":[{"count":1,"href":"https:\/\/www.schulzentrum-stetten-akm.de\/sr\/wp-json\/wp\/v2\/posts\/6469\/revisions"}],"predecessor-version":[{"id":6471,"href":"https:\/\/www.schulzentrum-stetten-akm.de\/sr\/wp-json\/wp\/v2\/posts\/6469\/revisions\/6471"}],"wp:featuredmedia":[{"embeddable":true,"href":"https:\/\/www.schulzentrum-stetten-akm.de\/sr\/wp-json\/wp\/v2\/media\/6470"}],"wp:attachment":[{"href":"https:\/\/www.schulzentrum-stetten-akm.de\/sr\/wp-json\/wp\/v2\/media?parent=6469"}],"wp:term":[{"taxonomy":"category","embeddable":true,"href":"https:\/\/www.schulzentrum-stetten-akm.de\/sr\/wp-json\/wp\/v2\/categories?post=6469"},{"taxonomy":"post_tag","embeddable":true,"href":"https:\/\/www.schulzentrum-stetten-akm.de\/sr\/wp-json\/wp\/v2\/tags?post=6469"}],"curies":[{"name":"wp","href":"https:\/\/api.w.org\/{rel}","templated":true}]}}