{"id":6400,"date":"2023-09-28T19:55:13","date_gmt":"2023-09-28T17:55:13","guid":{"rendered":"https:\/\/www.schulzentrum-stetten-akm.de\/?p=6400"},"modified":"2024-04-08T13:45:18","modified_gmt":"2024-04-08T11:45:18","slug":"jobboerse-2023","status":"publish","type":"post","link":"https:\/\/www.schulzentrum-stetten-akm.de\/sr\/jobboerse-2023\/","title":{"rendered":"Jobb\u00f6rse 2023"},"content":{"rendered":"<p>Am heutigen Donnerstag fand in der Alemannenhalle des Schulzentrums Stetten wieder die j\u00e4hrliche Jobb\u00f6rse des Wirtschaftsverbundes Stetten a.k.M. statt, die von dem ortsans\u00e4ssigen EP: Fachh\u00e4ndler Oliver Neusch organisiert wird. 22 namhafte Firmen und Betriebe aus der Region stellten ihr Haus und ihre Arbeitsplatzm\u00f6glichkeiten vor.<\/p>\n\n\n\n<figure class=\"wp-block-image size-full\"><img loading=\"lazy\" decoding=\"async\" width=\"931\" height=\"626\" src=\"https:\/\/www.schulzentrum-stetten-akm.de\/wp-content\/uploads\/2023\/09\/TN-Jobboerse.jpg\" alt=\"\" class=\"wp-image-6405\" srcset=\"https:\/\/www.schulzentrum-stetten-akm.de\/wp-content\/uploads\/2023\/09\/TN-Jobboerse.jpg 931w, https:\/\/www.schulzentrum-stetten-akm.de\/wp-content\/uploads\/2023\/09\/TN-Jobboerse-300x202.jpg 300w, https:\/\/www.schulzentrum-stetten-akm.de\/wp-content\/uploads\/2023\/09\/TN-Jobboerse-768x516.jpg 768w, https:\/\/www.schulzentrum-stetten-akm.de\/wp-content\/uploads\/2023\/09\/TN-Jobboerse-18x12.jpg 18w\" sizes=\"auto, (max-width: 931px) 100vw, 931px\" \/><\/figure>\n\n\n\n<p>Die Jobb\u00f6rse dient den Sch\u00fclerinnen und Sch\u00fclern aus Stetten zur Orientierung in der Berufswahl und der Information \u00fcber regionale Betriebe und Firmen. Sie bietet auch die M\u00f6glichkeit, Praktikumsstellen oder Ausbildungsstellen zu bekommen und ist nicht zuletzt den Betrieben eine wertvolle Hilfe in der Akquierierung geeigneter zuk\u00fcnftiger Mitarbeiter.<br><br>Die Veranstaltung startete um 13.30 Uhr mit einer kurzen Begr\u00fc\u00dfung aller teilnehmenden Firmen und aller Sch\u00fclerinnen und Sch\u00fcler im Kubus-Innenhof der Schule, bevor mehrere Gruppen aus den Lernstufen 8 und 9 die St\u00e4nde und Angebote erkunden konnten.<\/p>\n\n\n\n<figure class=\"wp-block-image size-large\"><img loading=\"lazy\" decoding=\"async\" width=\"1024\" height=\"768\" src=\"https:\/\/www.schulzentrum-stetten-akm.de\/wp-content\/uploads\/2023\/09\/Jobboerse-Bild-2-1024x768.jpeg\" alt=\"\" class=\"wp-image-6402\" srcset=\"https:\/\/www.schulzentrum-stetten-akm.de\/wp-content\/uploads\/2023\/09\/Jobboerse-Bild-2-1024x768.jpeg 1024w, https:\/\/www.schulzentrum-stetten-akm.de\/wp-content\/uploads\/2023\/09\/Jobboerse-Bild-2-300x225.jpeg 300w, https:\/\/www.schulzentrum-stetten-akm.de\/wp-content\/uploads\/2023\/09\/Jobboerse-Bild-2-768x576.jpeg 768w, https:\/\/www.schulzentrum-stetten-akm.de\/wp-content\/uploads\/2023\/09\/Jobboerse-Bild-2-16x12.jpeg 16w, https:\/\/www.schulzentrum-stetten-akm.de\/wp-content\/uploads\/2023\/09\/Jobboerse-Bild-2.jpeg 1384w\" sizes=\"auto, (max-width: 1024px) 100vw, 1024px\" \/><figcaption class=\"wp-element-caption\">Auftakt im Kubus-Innenhof der Schule<\/figcaption><\/figure>\n\n\n\n<p>Den Firmenauftritt gestaltete jeder Teilnehmer selbst. Die Lernpartner hatten vorab von ihrer WBS-Lehrerin Frau Zwick einen Arbeitsauftrag erhalten, durch den sie erste Kontakte mit den Firmen kn\u00fcpfen konnten: jeder musste zwei &#8222;Speed-Datings&#8220; an verschiedenen St\u00e4nden absolvieren und sich dazu Notizen machen, die im WBS-Unterricht (Wirtschafts-, Berufs- und Studienorientierung) sp\u00e4ter nachbesprochen werden w\u00fcrden. <\/p>\n\n\n\n<p>Insgesamt zeigten sich alle begeistert vom umfangreichen Angebot und den anregenden Erstgespr\u00e4chen vor Ort.<\/p>\n\n\n\n<ol class=\"wp-block-list\" start=\"28\">\n<li><\/li>\n<\/ol>","protected":false},"excerpt":{"rendered":"<p>Am heutigen Donnerstag fand in der Alemannenhalle des Schulzentrums Stetten wieder die j\u00e4hrliche Jobb\u00f6rse des Wirtschaftsverbundes Stetten a.k.M. statt, die von dem ortsans\u00e4ssigen EP: Fachh\u00e4ndler Oliver Neusch organisiert wird. 22 &hellip; <\/p>","protected":false},"author":1,"featured_media":6403,"comment_status":"closed","ping_status":"closed","sticky":false,"template":"","format":"standard","meta":{"footnotes":""},"categories":[44,20],"tags":[],"class_list":["post-6400","post","type-post","status-publish","format-standard","has-post-thumbnail","hentry","category-berufsorientierung","category-veranstaltungen"],"_links":{"self":[{"href":"https:\/\/www.schulzentrum-stetten-akm.de\/sr\/wp-json\/wp\/v2\/posts\/6400","targetHints":{"allow":["GET"]}}],"collection":[{"href":"https:\/\/www.schulzentrum-stetten-akm.de\/sr\/wp-json\/wp\/v2\/posts"}],"about":[{"href":"https:\/\/www.schulzentrum-stetten-akm.de\/sr\/wp-json\/wp\/v2\/types\/post"}],"author":[{"embeddable":true,"href":"https:\/\/www.schulzentrum-stetten-akm.de\/sr\/wp-json\/wp\/v2\/users\/1"}],"replies":[{"embeddable":true,"href":"https:\/\/www.schulzentrum-stetten-akm.de\/sr\/wp-json\/wp\/v2\/comments?post=6400"}],"version-history":[{"count":4,"href":"https:\/\/www.schulzentrum-stetten-akm.de\/sr\/wp-json\/wp\/v2\/posts\/6400\/revisions"}],"predecessor-version":[{"id":6790,"href":"https:\/\/www.schulzentrum-stetten-akm.de\/sr\/wp-json\/wp\/v2\/posts\/6400\/revisions\/6790"}],"wp:featuredmedia":[{"embeddable":true,"href":"https:\/\/www.schulzentrum-stetten-akm.de\/sr\/wp-json\/wp\/v2\/media\/6403"}],"wp:attachment":[{"href":"https:\/\/www.schulzentrum-stetten-akm.de\/sr\/wp-json\/wp\/v2\/media?parent=6400"}],"wp:term":[{"taxonomy":"category","embeddable":true,"href":"https:\/\/www.schulzentrum-stetten-akm.de\/sr\/wp-json\/wp\/v2\/categories?post=6400"},{"taxonomy":"post_tag","embeddable":true,"href":"https:\/\/www.schulzentrum-stetten-akm.de\/sr\/wp-json\/wp\/v2\/tags?post=6400"}],"curies":[{"name":"wp","href":"https:\/\/api.w.org\/{rel}","templated":true}]}}