{"id":6037,"date":"2023-05-28T10:04:06","date_gmt":"2023-05-28T08:04:06","guid":{"rendered":"https:\/\/www.schulzentrum-stetten-akm.de\/?p=6037"},"modified":"2023-05-28T10:04:56","modified_gmt":"2023-05-28T08:04:56","slug":"jugend-trainiert-fuer-olympia-radsport","status":"publish","type":"post","link":"https:\/\/www.schulzentrum-stetten-akm.de\/sr\/jugend-trainiert-fuer-olympia-radsport\/","title":{"rendered":"Jugend trainiert f\u00fcr Olympia \u2013 Radsport"},"content":{"rendered":"<p><em>Bericht von Camille Wolf, 9.2\/Fotos von Jule Grathwohl, 9.2. <\/em><br><br>Am Freitag, dem 5. Mai 2023, waren begeisterte Radsportler:innen der GMS Stetten in M\u00fcnsingen bei \u201eJugend trainiert f\u00fcr Olympia &#8211; Radsport\u201c.\u00a0 Wir fuhren mit dem Bus und die Fahrr\u00e4der hatten wir in einem Fahrradanh\u00e4nger. Als wir ankamen, bauten wir unser Fahrerlager auf. \u00a0Die Fahrradfahrer konnten sich die Strecke ansehen und Probe fahren. Die erste Gruppe musste sich dann auch schon zum Start aufstellen und los gings! Am Start mussten die Fahrer einige Meter laufen, bevor sie auf ihr Mountainbike springen konnten. Die Strecke hatte viele enge Kurven, kleine H\u00fcgel und verschiedene Untergr\u00fcnde wie Schotter, Kopfsteinpflaster oder Gras. Sp\u00e4ter kam ein kurzer Regenschauer, durch den die Strecke nass und rutschig wurde und leider kam es zu mehreren St\u00fcrzen der Teilnehmer, die aber zum Gl\u00fcck alle glimpflich ausgegangen sind. Die Strecke wurde recht schnell wieder trocken und der Regen hielt sich zur\u00fcck, bis wir wieder im Bus sa\u00dfen. Alle gaben sich an diesem Tag viel M\u00fche und hatte sich auch wirklich gut geschlagen. <\/p>\n\n\n\n<figure class=\"wp-block-image size-full\"><img loading=\"lazy\" decoding=\"async\" width=\"814\" height=\"926\" src=\"https:\/\/www.schulzentrum-stetten-akm.de\/wp-content\/uploads\/2023\/05\/Radsport-Bild-2.jpg\" alt=\"\" class=\"wp-image-6039\" srcset=\"https:\/\/www.schulzentrum-stetten-akm.de\/wp-content\/uploads\/2023\/05\/Radsport-Bild-2.jpg 814w, https:\/\/www.schulzentrum-stetten-akm.de\/wp-content\/uploads\/2023\/05\/Radsport-Bild-2-264x300.jpg 264w, https:\/\/www.schulzentrum-stetten-akm.de\/wp-content\/uploads\/2023\/05\/Radsport-Bild-2-768x874.jpg 768w, https:\/\/www.schulzentrum-stetten-akm.de\/wp-content\/uploads\/2023\/05\/Radsport-Bild-2-11x12.jpg 11w\" sizes=\"auto, (max-width: 814px) 100vw, 814px\" \/><\/figure>\n\n\n\n<p><br>Unsere Fahrgruppen vom Schulzentrum Stetten am kalten Markt konnten auf Landesebene sehr gute Pl\u00e4tze erreichen:\u00a0Platz 24, Platz 36, Platz 24, Platz 27, Platz 7, Platz 17.\u00a0\u00a0\u00a0\u00a0\u00a0\u00a0\u00a0\u00a0\u00a0\u00a0\u00a0\u00a0\u00a0\u00a0\u00a0\u00a0\u00a0\u00a0\u00a0\u00a0\u00a0\u00a0\u00a0\u00a0\u00a0\u00a0\u00a0\u00a0\u00a0\u00a0\u00a0\u00a0\u00a0\u00a0\u00a0\u00a0\u00a0\u00a0\u00a0\u00a0\u00a0\u00a0\u00a0\u00a0\u00a0\u00a0\u00a0\u00a0\u00a0\u00a0\u00a0\u00a0\u00a0\u00a0\u00a0\u00a0\u00a0\u00a0\u00a0\u00a0\u00a0\u00a0\u00a0\u00a0\u00a0\u00a0\u00a0\u00a0\u00a0\u00a0\u00a0\u00a0 \u00a0\u00a0\u00a0\u00a0\u00a0\u00a0\u00a0\u00a0\u00a0\u00a0\u00a0\u00a0\u00a0\u00a0\u00a0\u00a0\u00a0\u00a0\u00a0\u00a0\u00a0\u00a0\u00a0\u00a0\u00a0\u00a0\u00a0\u00a0\u00a0\u00a0\u00a0\u00a0\u00a0\u00a0\u00a0\u00a0\u00a0\u00a0\u00a0\u00a0\u00a0\u00a0\u00a0\u00a0\u00a0\u00a0\u00a0\u00a0\u00a0\u00a0\u00a0\u00a0\u00a0\u00a0\u00a0\u00a0\u00a0\u00a0\u00a0\u00a0\u00a0\u00a0\u00a0\u00a0\u00a0\u00a0\u00a0\u00a0\u00a0\u00a0\u00a0\u00a0\u00a0\u00a0\u00a0<br>Und aus dem Regierungsbezirk T\u00fcbingen hatten unsere Gruppen folgende Pl\u00e4tze erreicht: Platz 3, Platz 9, Platz 6, Platz 8, Platz 3 und Platz 2.\u00a0\u00a0\u00a0\u00a0\u00a0\u00a0\u00a0\u00a0\u00a0\u00a0\u00a0\u00a0\u00a0\u00a0\u00a0\u00a0\u00a0\u00a0\u00a0\u00a0\u00a0\u00a0\u00a0\u00a0<\/p>\n\n\n\n<p>Als Preis gab es f\u00fcr jeden eine Packung Sp\u00e4tzle vom Sponsor Albgold. Insgesamt waren 24 Sch\u00fcler:innen dabei, die in drei verschiedene Altersklassen eingeteilt wurden. Begleitende Lehrer waren Herr Heller und Herr Hotz, die alle gut motivierten und jeden anfeuerten. Es war ein sch\u00f6ner Tag, an dem die Hobbyradler zeigen konnten, was sie drauf haben &#8211; egal ob klein oder gro\u00df!<\/p>","protected":false},"excerpt":{"rendered":"<p>Bericht von Camille Wolf, 9.2\/Fotos von Jule Grathwohl, 9.2. Am Freitag, dem 5. Mai 2023, waren begeisterte Radsportler:innen der GMS Stetten in M\u00fcnsingen bei \u201eJugend trainiert f\u00fcr Olympia &#8211; Radsport\u201c.\u00a0 &hellip; <\/p>","protected":false},"author":1,"featured_media":6038,"comment_status":"closed","ping_status":"closed","sticky":false,"template":"","format":"standard","meta":{"footnotes":""},"categories":[21,23],"tags":[],"class_list":["post-6037","post","type-post","status-publish","format-standard","has-post-thumbnail","hentry","category-exkursionen-und-lerngaenge","category-sport"],"_links":{"self":[{"href":"https:\/\/www.schulzentrum-stetten-akm.de\/sr\/wp-json\/wp\/v2\/posts\/6037","targetHints":{"allow":["GET"]}}],"collection":[{"href":"https:\/\/www.schulzentrum-stetten-akm.de\/sr\/wp-json\/wp\/v2\/posts"}],"about":[{"href":"https:\/\/www.schulzentrum-stetten-akm.de\/sr\/wp-json\/wp\/v2\/types\/post"}],"author":[{"embeddable":true,"href":"https:\/\/www.schulzentrum-stetten-akm.de\/sr\/wp-json\/wp\/v2\/users\/1"}],"replies":[{"embeddable":true,"href":"https:\/\/www.schulzentrum-stetten-akm.de\/sr\/wp-json\/wp\/v2\/comments?post=6037"}],"version-history":[{"count":3,"href":"https:\/\/www.schulzentrum-stetten-akm.de\/sr\/wp-json\/wp\/v2\/posts\/6037\/revisions"}],"predecessor-version":[{"id":6042,"href":"https:\/\/www.schulzentrum-stetten-akm.de\/sr\/wp-json\/wp\/v2\/posts\/6037\/revisions\/6042"}],"wp:featuredmedia":[{"embeddable":true,"href":"https:\/\/www.schulzentrum-stetten-akm.de\/sr\/wp-json\/wp\/v2\/media\/6038"}],"wp:attachment":[{"href":"https:\/\/www.schulzentrum-stetten-akm.de\/sr\/wp-json\/wp\/v2\/media?parent=6037"}],"wp:term":[{"taxonomy":"category","embeddable":true,"href":"https:\/\/www.schulzentrum-stetten-akm.de\/sr\/wp-json\/wp\/v2\/categories?post=6037"},{"taxonomy":"post_tag","embeddable":true,"href":"https:\/\/www.schulzentrum-stetten-akm.de\/sr\/wp-json\/wp\/v2\/tags?post=6037"}],"curies":[{"name":"wp","href":"https:\/\/api.w.org\/{rel}","templated":true}]}}