{"id":5948,"date":"2023-04-21T12:02:04","date_gmt":"2023-04-21T10:02:04","guid":{"rendered":"https:\/\/www.schulzentrum-stetten-akm.de\/?p=5948"},"modified":"2024-04-08T14:00:46","modified_gmt":"2024-04-08T12:00:46","slug":"schueler-trifft-azubi","status":"publish","type":"post","link":"https:\/\/www.schulzentrum-stetten-akm.de\/sr\/schueler-trifft-azubi\/","title":{"rendered":"Sch\u00fcler trifft Azubi"},"content":{"rendered":"<p>Jedes Jahr haben Firmen im Umkreis des Schulzentrums Stetten am kalten Markt die M\u00f6glichkeit, auf der berufsorientierenden Veranstaltung \u201eSch\u00fcler trifft Azubi\u201c ihren Betrieb vorzustellen und mit Sch\u00fclerinnen und Sch\u00fclern der Lerngruppen 8-9 ins Gespr\u00e4ch \u00fcber ihren Einstieg in die Berufswelt zu kommen. Das Besondere dabei: die halbst\u00fcndigen Vortr\u00e4ge mit anschlie\u00dfender Fragerunde halten ausschlie\u00dflich die Auszubildenden des jeweiligen Betriebes \u2013 eine gute \u00dcbung f\u00fcr die Newcomer und eine interessante Kontaktm\u00f6glichkeit f\u00fcr die Sch\u00fcler, da die Referentinnen und Referenten nur wenige Jahre \u00e4lter sind als sie selbst.<\/p>\n\n\n\n<p>Rektor Dr. Christof Probst begr\u00fc\u00dfte gestern junge Referentinnen und Referenten von insgesamt sieben namhaften Firmen der Region: von Stingel Stra\u00dfenbau und Tiefbau, L\u00f6ffler Hoch- und Tiefbau, der G\u00fchring KG, des Sozialtr\u00e4gers Mariaberg, der Sparkasse Pfullendorf-Messkirch, von H\u00f6lzlebau Braun und dem Hersteller von Sicherheitstechnik, Primion.<br><br>\u201eVeranstaltungen wie diese k\u00f6nnen helfen, Ber\u00fchrungs\u00e4ngste bei den Sch\u00fclerinnen und Sch\u00fclern abzubauen und das Interesse an den jeweiligen Berufsfeldern zu wecken\u201c, erkl\u00e4rt Probst. \u201eDer Fachkr\u00e4ftemangel ist in den verschiedensten Branchen zu sp\u00fcren.\u201c<\/p>\n\n\n\n<p>Die Auszubildenden informieren \u00fcber Ausbildungswege und Weiterbildungsangebote ihres Betriebes, sprechen mit den Sch\u00fclerinnen und Sch\u00fclern dar\u00fcber, welche Voraussetzungen sie f\u00fcr die jeweilige T\u00e4tigkeit brauchen und geben einen Ausblick auf Verdienstm\u00f6glichkeiten und Karriereplanung. In kurzen Videofilmen werden Beispiele aus dem jeweiligen Arbeitsalltag gezeigt und man tauscht sich aus \u00fcber die Motivation f\u00fcr den Wunschberuf, ob man im Ausland arbeiten kann und welche Organisationsformen es im Homeoffice gibt.<\/p>\n\n\n\n<figure class=\"wp-block-image size-large\"><img loading=\"lazy\" decoding=\"async\" width=\"1024\" height=\"772\" src=\"https:\/\/www.schulzentrum-stetten-akm.de\/wp-content\/uploads\/2023\/04\/Vortrag-Julian-Ruff-1024x772.jpeg\" alt=\"\" class=\"wp-image-5949\" srcset=\"https:\/\/www.schulzentrum-stetten-akm.de\/wp-content\/uploads\/2023\/04\/Vortrag-Julian-Ruff-1024x772.jpeg 1024w, https:\/\/www.schulzentrum-stetten-akm.de\/wp-content\/uploads\/2023\/04\/Vortrag-Julian-Ruff-300x226.jpeg 300w, https:\/\/www.schulzentrum-stetten-akm.de\/wp-content\/uploads\/2023\/04\/Vortrag-Julian-Ruff-768x579.jpeg 768w, https:\/\/www.schulzentrum-stetten-akm.de\/wp-content\/uploads\/2023\/04\/Vortrag-Julian-Ruff-1536x1158.jpeg 1536w, https:\/\/www.schulzentrum-stetten-akm.de\/wp-content\/uploads\/2023\/04\/Vortrag-Julian-Ruff-scaled.jpeg 2048w, https:\/\/www.schulzentrum-stetten-akm.de\/wp-content\/uploads\/2023\/04\/Vortrag-Julian-Ruff-16x12.jpeg 16w\" sizes=\"auto, (max-width: 1024px) 100vw, 1024px\" \/><figcaption class=\"wp-element-caption\">Ehemaliger Sch\u00fcler der GMS Stetten: Julian Ruf gib einen Einblick in die T\u00e4tigkeitsfelder des Hoch- und Tiefbaus<\/figcaption><\/figure>\n\n\n\n<p>Initiiert wurde die schulinterne Veranstaltung von der BO-Beauftragten des Schulzentrums Stetten, Frau Jessica Zwick, deren Engagement f\u00fcr die gewinnbringende Arbeit zwischen Azubis und Sch\u00fclern Probst in besonderer Weise lobte.<\/p>\n\n\n\n<p>Jessica Zwick spricht den teilnehmenden Betrieben ein gro\u00dfes Dankesch\u00f6n aus: \u201eEs ist nicht selbstverst\u00e4ndlich, dass sich Firmen so viel Zeit f\u00fcr die Akquise nehmen. Wir hoffen, diese Veranstaltung langfristig am Schulzentrum zu etablieren, um den Sch\u00fclerinnen und Sch\u00fclern praxisnahe Erfahrungen aus erster Hand vermitteln zu k\u00f6nnen.\u201c<\/p>","protected":false},"excerpt":{"rendered":"<p>Jedes Jahr haben Firmen im Umkreis des Schulzentrums Stetten am kalten Markt die M\u00f6glichkeit, auf der berufsorientierenden Veranstaltung \u201eSch\u00fcler trifft Azubi\u201c ihren Betrieb vorzustellen und mit Sch\u00fclerinnen und Sch\u00fclern der &hellip; <\/p>","protected":false},"author":1,"featured_media":5950,"comment_status":"closed","ping_status":"closed","sticky":false,"template":"","format":"standard","meta":{"footnotes":""},"categories":[44,20],"tags":[],"class_list":["post-5948","post","type-post","status-publish","format-standard","has-post-thumbnail","hentry","category-berufsorientierung","category-veranstaltungen"],"_links":{"self":[{"href":"https:\/\/www.schulzentrum-stetten-akm.de\/sr\/wp-json\/wp\/v2\/posts\/5948","targetHints":{"allow":["GET"]}}],"collection":[{"href":"https:\/\/www.schulzentrum-stetten-akm.de\/sr\/wp-json\/wp\/v2\/posts"}],"about":[{"href":"https:\/\/www.schulzentrum-stetten-akm.de\/sr\/wp-json\/wp\/v2\/types\/post"}],"author":[{"embeddable":true,"href":"https:\/\/www.schulzentrum-stetten-akm.de\/sr\/wp-json\/wp\/v2\/users\/1"}],"replies":[{"embeddable":true,"href":"https:\/\/www.schulzentrum-stetten-akm.de\/sr\/wp-json\/wp\/v2\/comments?post=5948"}],"version-history":[{"count":3,"href":"https:\/\/www.schulzentrum-stetten-akm.de\/sr\/wp-json\/wp\/v2\/posts\/5948\/revisions"}],"predecessor-version":[{"id":5970,"href":"https:\/\/www.schulzentrum-stetten-akm.de\/sr\/wp-json\/wp\/v2\/posts\/5948\/revisions\/5970"}],"wp:featuredmedia":[{"embeddable":true,"href":"https:\/\/www.schulzentrum-stetten-akm.de\/sr\/wp-json\/wp\/v2\/media\/5950"}],"wp:attachment":[{"href":"https:\/\/www.schulzentrum-stetten-akm.de\/sr\/wp-json\/wp\/v2\/media?parent=5948"}],"wp:term":[{"taxonomy":"category","embeddable":true,"href":"https:\/\/www.schulzentrum-stetten-akm.de\/sr\/wp-json\/wp\/v2\/categories?post=5948"},{"taxonomy":"post_tag","embeddable":true,"href":"https:\/\/www.schulzentrum-stetten-akm.de\/sr\/wp-json\/wp\/v2\/tags?post=5948"}],"curies":[{"name":"wp","href":"https:\/\/api.w.org\/{rel}","templated":true}]}}