{"id":5920,"date":"2023-03-30T13:47:24","date_gmt":"2023-03-30T11:47:24","guid":{"rendered":"https:\/\/www.schulzentrum-stetten-akm.de\/?p=5920"},"modified":"2023-03-30T13:48:34","modified_gmt":"2023-03-30T11:48:34","slug":"ist-das-dein-traumjob-buergermeister-maik-lehn-empfaengt-die-grundschulklassen-4-im-rathaus","status":"publish","type":"post","link":"https:\/\/www.schulzentrum-stetten-akm.de\/sr\/ist-das-dein-traumjob-buergermeister-maik-lehn-empfaengt-die-grundschulklassen-4-im-rathaus\/","title":{"rendered":"&#8222;Ist das dein Traumjob?&#8220; B\u00fcrgermeister Maik Lehn empf\u00e4ngt die Grundschulklassen 4 im Rathaus"},"content":{"rendered":"<p>Die Grundschulklassen 4 haben am vergangenen Dienstag zusammen mit ihren Klassenlehrerinnen Annika L\u00f6ffler und Yasemin Karacan das Stettener Rathaus besucht und durften dem B\u00fcrgermeister Fragen zu seiner Arbeit stellen. Maik Lehn erkl\u00e4rte den Sch\u00fclern zu Beginn die Wappen von Stetten und den Teilorten im Eingangsbereich des beeindruckenden Geb\u00e4udes, bevor es in die R\u00e4umlichkeiten der Gemeindeverwaltung ging. \u201eIm Standesamt konnten wir uns einmal auf die Pl\u00e4tze von den G\u00e4sten setzen\u201c, erz\u00e4hlt Grundsch\u00fclerin Lia. \u201eUnd da, wo die Leute heiraten und die Trauzeugen sitzen\u201c, setzt sie begeistert nach.<\/p>\n\n\n\n<p>Besichtigt wurden die verschiedenen \u00c4mter des Rathauses, z. B. der K\u00e4mmerer, die Finanzverwaltung und das Ordnungsamt. Besonders spannend gestaltete sich der Blick in den Tresor: manch einer hat hier wahre Reicht\u00fcmer vermutet und musste erkennen, dass im bargeldlosen Zeitalter keine Geldberge mehr im Geh\u00e4use schlummern. Richtig Spa\u00df gemacht hat es auf dem Einwohnermeldeamt, das f\u00fcr Kim und Caitlin ein Highlight war: &nbsp;\u201eDa bekamen wir gezeigt, wie der Name und das Passbild kommt, wenn man das Geburtsdatum eingibt\u201c, freuen die beiden sich.<\/p>\n\n\n\n<p>Zum Schluss gab&#8217;s im Saal des Gemeinderates f\u00fcr alle Brezeln und Erfrischungen, w\u00e4hrend man den B\u00fcrgermeister mit vielen Fragen l\u00f6chern durfte. \u201eHerr Lehn hat sich f\u00fcr die Kinder viel Zeit genommen\u201c, berichtet Annika L\u00f6ffler. Auf die Frage eines Sch\u00fclers, ob dies sein Traumjob sei, erkl\u00e4rte er, &#8222;dass es ihm schon immer wichtig war, f\u00fcr Menschen da zu sein.&#8220; Er sch\u00e4tze an seinem Beruf sehr, mit Jung und Alt in den Austausch gehen zu k\u00f6nnen, gerade bei einem Besuch wie diesem.<\/p>\n\n\n\n<p>\u201eVoll cool\u201c, finden die Sch\u00fcler, dass B\u00fcrgermeister Lehn alle ihre Fragen beantwortet hat. \u201eWar ein sch\u00f6ner und lehrreicher Besuch\u201c, best\u00e4tigen die Lehrkr\u00e4fte und wollen im n\u00e4chsten Jahr wieder vorbeischauen.<\/p>","protected":false},"excerpt":{"rendered":"<p>Die Grundschulklassen 4 haben am vergangenen Dienstag zusammen mit ihren Klassenlehrerinnen Annika L\u00f6ffler und Yasemin Karacan das Stettener Rathaus besucht und durften dem B\u00fcrgermeister Fragen zu seiner Arbeit stellen. Maik &hellip; <\/p>","protected":false},"author":1,"featured_media":5921,"comment_status":"closed","ping_status":"closed","sticky":false,"template":"","format":"standard","meta":{"footnotes":""},"categories":[21],"tags":[],"class_list":["post-5920","post","type-post","status-publish","format-standard","has-post-thumbnail","hentry","category-exkursionen-und-lerngaenge"],"_links":{"self":[{"href":"https:\/\/www.schulzentrum-stetten-akm.de\/sr\/wp-json\/wp\/v2\/posts\/5920","targetHints":{"allow":["GET"]}}],"collection":[{"href":"https:\/\/www.schulzentrum-stetten-akm.de\/sr\/wp-json\/wp\/v2\/posts"}],"about":[{"href":"https:\/\/www.schulzentrum-stetten-akm.de\/sr\/wp-json\/wp\/v2\/types\/post"}],"author":[{"embeddable":true,"href":"https:\/\/www.schulzentrum-stetten-akm.de\/sr\/wp-json\/wp\/v2\/users\/1"}],"replies":[{"embeddable":true,"href":"https:\/\/www.schulzentrum-stetten-akm.de\/sr\/wp-json\/wp\/v2\/comments?post=5920"}],"version-history":[{"count":2,"href":"https:\/\/www.schulzentrum-stetten-akm.de\/sr\/wp-json\/wp\/v2\/posts\/5920\/revisions"}],"predecessor-version":[{"id":5923,"href":"https:\/\/www.schulzentrum-stetten-akm.de\/sr\/wp-json\/wp\/v2\/posts\/5920\/revisions\/5923"}],"wp:featuredmedia":[{"embeddable":true,"href":"https:\/\/www.schulzentrum-stetten-akm.de\/sr\/wp-json\/wp\/v2\/media\/5921"}],"wp:attachment":[{"href":"https:\/\/www.schulzentrum-stetten-akm.de\/sr\/wp-json\/wp\/v2\/media?parent=5920"}],"wp:term":[{"taxonomy":"category","embeddable":true,"href":"https:\/\/www.schulzentrum-stetten-akm.de\/sr\/wp-json\/wp\/v2\/categories?post=5920"},{"taxonomy":"post_tag","embeddable":true,"href":"https:\/\/www.schulzentrum-stetten-akm.de\/sr\/wp-json\/wp\/v2\/tags?post=5920"}],"curies":[{"name":"wp","href":"https:\/\/api.w.org\/{rel}","templated":true}]}}