{"id":5732,"date":"2023-01-19T10:31:35","date_gmt":"2023-01-19T09:31:35","guid":{"rendered":"https:\/\/www.schulzentrum-stetten-akm.de\/?p=5732"},"modified":"2023-01-19T10:33:42","modified_gmt":"2023-01-19T09:33:42","slug":"foerderverein-des-schulzentrums-stetten-erhaelt-grosszuegige-spenden","status":"publish","type":"post","link":"https:\/\/www.schulzentrum-stetten-akm.de\/sr\/foerderverein-des-schulzentrums-stetten-erhaelt-grosszuegige-spenden\/","title":{"rendered":"F\u00f6rderverein des Schulzentrums Stetten erh\u00e4lt gro\u00dfz\u00fcgige Spenden"},"content":{"rendered":"<p>Der F\u00f6rderverein des Schulzentrums Stetten kann derzeit durch Spenden und anderweitige Finanzierungsm\u00f6glichkeiten trotz insgesamt steigender Kosten weiter den Sch\u00fclerinnen und Sch\u00fclern des Schulzentrums seine Unterst\u00fctzung zusichern.<\/p>\n\n\n\n<figure class=\"wp-block-image size-full\"><img loading=\"lazy\" decoding=\"async\" width=\"855\" height=\"286\" src=\"https:\/\/www.schulzentrum-stetten-akm.de\/wp-content\/uploads\/2023\/01\/Danke-Wendepunkt.jpg\" alt=\"\" class=\"wp-image-5741\" srcset=\"https:\/\/www.schulzentrum-stetten-akm.de\/wp-content\/uploads\/2023\/01\/Danke-Wendepunkt.jpg 855w, https:\/\/www.schulzentrum-stetten-akm.de\/wp-content\/uploads\/2023\/01\/Danke-Wendepunkt-300x100.jpg 300w, https:\/\/www.schulzentrum-stetten-akm.de\/wp-content\/uploads\/2023\/01\/Danke-Wendepunkt-768x257.jpg 768w, https:\/\/www.schulzentrum-stetten-akm.de\/wp-content\/uploads\/2023\/01\/Danke-Wendepunkt-18x6.jpg 18w\" sizes=\"auto, (max-width: 855px) 100vw, 855px\" \/><\/figure>\n\n\n\n<p>Weitere Beitr\u00e4ge hat der F\u00f6rderverein erhalten f\u00fcr<\/p>\n\n\n\n<p><strong><em>Essenszusch\u00fcsse<\/em><\/strong><\/p>\n\n\n\n<p>Da der Bedarf der zu unterst\u00fctzenden Sch\u00fcler st\u00e4ndig steigt und die Kosten seit dem neuen Schuljahr vom Caterer Vinzenz um 20 % angehoben wurden, besteht weiterer Bedarf an unterst\u00fctzender Finanzierung. Der \u00f6kumenische F\u00f6rderverein <em>N\u00e4chstenhilfe<\/em> erh\u00f6ht seine Zuwendung seit Dezember bis zum Juni 2023 von 200 auf 240 Euro.<br>Der F\u00f6rderverein des Schulzentrums bedankt sich an dieser Stelle ganz herzlich auch bei <em>N\u00e4chstenhilfe<\/em> f\u00fcr die jahrelange Unterst\u00fctzung!<\/p>\n\n\n\n<p><strong><em>Pausenhofspiele<\/em><\/strong><\/p>\n\n\n\n<p>Von einer weiteren Spende kann die SMV am Schulzentrum Stetten einige Spiele f\u00fcr die bewegten Pausen anschaffen.<\/p>\n\n\n\n<p><strong><em>Spende von Backhaus Mahl<\/em><\/strong><\/p>\n\n\n\n<p>Bei der Spendenaktion des Backhaus Mahl k\u00f6nnen gesammelte Mahl-Kassenbelege von Vereinskunden eingereicht werden. Von der Belegsumme spendet Backhaus Mahl 5% f\u00fcr die Vereinskasse. Einen entsprechenden Sammel-Aufruf wird der F\u00f6rderverein bald ver\u00f6ffentlichen.<\/p>\n\n\n\n<p><strong><em>Pr\u00fcfungsvorbereitung LG 10<\/em><\/strong><\/p>\n\n\n\n<p>Auch die Vorbereitungskurse zu den Abschlusspr\u00fcfungen, die jedes Jahr an den Osterferien und an freien Nachmittagen oder Samstagen am Schulzentrum Stetten angeboten werden, m\u00f6chte der F\u00f6rderverein in diesem Jahr wieder anbieten.<\/p>","protected":false},"excerpt":{"rendered":"<p>Der F\u00f6rderverein des Schulzentrums Stetten kann derzeit durch Spenden und anderweitige Finanzierungsm\u00f6glichkeiten trotz insgesamt steigender Kosten weiter den Sch\u00fclerinnen und Sch\u00fclern des Schulzentrums seine Unterst\u00fctzung zusichern. Weitere Beitr\u00e4ge hat der &hellip; <\/p>","protected":false},"author":1,"featured_media":5740,"comment_status":"closed","ping_status":"closed","sticky":false,"template":"","format":"standard","meta":{"footnotes":""},"categories":[1,22],"tags":[],"class_list":["post-5732","post","type-post","status-publish","format-standard","has-post-thumbnail","hentry","category-allgemein","category-schulalltag"],"_links":{"self":[{"href":"https:\/\/www.schulzentrum-stetten-akm.de\/sr\/wp-json\/wp\/v2\/posts\/5732","targetHints":{"allow":["GET"]}}],"collection":[{"href":"https:\/\/www.schulzentrum-stetten-akm.de\/sr\/wp-json\/wp\/v2\/posts"}],"about":[{"href":"https:\/\/www.schulzentrum-stetten-akm.de\/sr\/wp-json\/wp\/v2\/types\/post"}],"author":[{"embeddable":true,"href":"https:\/\/www.schulzentrum-stetten-akm.de\/sr\/wp-json\/wp\/v2\/users\/1"}],"replies":[{"embeddable":true,"href":"https:\/\/www.schulzentrum-stetten-akm.de\/sr\/wp-json\/wp\/v2\/comments?post=5732"}],"version-history":[{"count":2,"href":"https:\/\/www.schulzentrum-stetten-akm.de\/sr\/wp-json\/wp\/v2\/posts\/5732\/revisions"}],"predecessor-version":[{"id":5744,"href":"https:\/\/www.schulzentrum-stetten-akm.de\/sr\/wp-json\/wp\/v2\/posts\/5732\/revisions\/5744"}],"wp:featuredmedia":[{"embeddable":true,"href":"https:\/\/www.schulzentrum-stetten-akm.de\/sr\/wp-json\/wp\/v2\/media\/5740"}],"wp:attachment":[{"href":"https:\/\/www.schulzentrum-stetten-akm.de\/sr\/wp-json\/wp\/v2\/media?parent=5732"}],"wp:term":[{"taxonomy":"category","embeddable":true,"href":"https:\/\/www.schulzentrum-stetten-akm.de\/sr\/wp-json\/wp\/v2\/categories?post=5732"},{"taxonomy":"post_tag","embeddable":true,"href":"https:\/\/www.schulzentrum-stetten-akm.de\/sr\/wp-json\/wp\/v2\/tags?post=5732"}],"curies":[{"name":"wp","href":"https:\/\/api.w.org\/{rel}","templated":true}]}}