{"id":5563,"date":"2022-10-20T13:04:04","date_gmt":"2022-10-20T11:04:04","guid":{"rendered":"https:\/\/www.schulzentrum-stetten-akm.de\/?p=5563"},"modified":"2022-11-21T10:27:51","modified_gmt":"2022-11-21T09:27:51","slug":"fleissig-paeckchen-schnueren","status":"publish","type":"post","link":"https:\/\/www.schulzentrum-stetten-akm.de\/sr\/fleissig-paeckchen-schnueren\/","title":{"rendered":"Flei\u00dfig P\u00e4ckchen schn\u00fcren&#8230;"},"content":{"rendered":"<p>Der diesj\u00e4hrige Weihnachtsp\u00e4ckchenkonvoi geht am 18.11. auf die Reise zu bed\u00fcrftigen und benachteiligten Kindern. <br>Alle Informationen zum Mitmachen: <br><\/p>\n\n\n\n<div class=\"wp-block-file\"><a id=\"wp-block-file--media-ed8b5deb-ae29-455d-9f49-a1edb2baadec\" href=\"https:\/\/www.schulzentrum-stetten-akm.de\/wp-content\/uploads\/2022\/10\/Flyer-Konvoi.jpg\">Flyer Konvoi<\/a><a href=\"https:\/\/www.schulzentrum-stetten-akm.de\/wp-content\/uploads\/2022\/10\/Flyer-Konvoi.jpg\" class=\"wp-block-file__button wp-element-button\" download aria-describedby=\"wp-block-file--media-ed8b5deb-ae29-455d-9f49-a1edb2baadec\">Herunterladen<\/a><\/div>","protected":false},"excerpt":{"rendered":"<p>Der diesj\u00e4hrige Weihnachtsp\u00e4ckchenkonvoi geht am 18.11. auf die Reise zu bed\u00fcrftigen und benachteiligten Kindern. Alle Informationen zum Mitmachen:<\/p>","protected":false},"author":1,"featured_media":5566,"comment_status":"closed","ping_status":"closed","sticky":false,"template":"","format":"standard","meta":{"footnotes":""},"categories":[1,25,22,20],"tags":[],"class_list":["post-5563","post","type-post","status-publish","format-standard","has-post-thumbnail","hentry","category-allgemein","category-ankuendigungen","category-schulalltag","category-veranstaltungen"],"_links":{"self":[{"href":"https:\/\/www.schulzentrum-stetten-akm.de\/sr\/wp-json\/wp\/v2\/posts\/5563","targetHints":{"allow":["GET"]}}],"collection":[{"href":"https:\/\/www.schulzentrum-stetten-akm.de\/sr\/wp-json\/wp\/v2\/posts"}],"about":[{"href":"https:\/\/www.schulzentrum-stetten-akm.de\/sr\/wp-json\/wp\/v2\/types\/post"}],"author":[{"embeddable":true,"href":"https:\/\/www.schulzentrum-stetten-akm.de\/sr\/wp-json\/wp\/v2\/users\/1"}],"replies":[{"embeddable":true,"href":"https:\/\/www.schulzentrum-stetten-akm.de\/sr\/wp-json\/wp\/v2\/comments?post=5563"}],"version-history":[{"count":4,"href":"https:\/\/www.schulzentrum-stetten-akm.de\/sr\/wp-json\/wp\/v2\/posts\/5563\/revisions"}],"predecessor-version":[{"id":5616,"href":"https:\/\/www.schulzentrum-stetten-akm.de\/sr\/wp-json\/wp\/v2\/posts\/5563\/revisions\/5616"}],"wp:featuredmedia":[{"embeddable":true,"href":"https:\/\/www.schulzentrum-stetten-akm.de\/sr\/wp-json\/wp\/v2\/media\/5566"}],"wp:attachment":[{"href":"https:\/\/www.schulzentrum-stetten-akm.de\/sr\/wp-json\/wp\/v2\/media?parent=5563"}],"wp:term":[{"taxonomy":"category","embeddable":true,"href":"https:\/\/www.schulzentrum-stetten-akm.de\/sr\/wp-json\/wp\/v2\/categories?post=5563"},{"taxonomy":"post_tag","embeddable":true,"href":"https:\/\/www.schulzentrum-stetten-akm.de\/sr\/wp-json\/wp\/v2\/tags?post=5563"}],"curies":[{"name":"wp","href":"https:\/\/api.w.org\/{rel}","templated":true}]}}