{"id":5243,"date":"2022-04-08T11:29:16","date_gmt":"2022-04-08T09:29:16","guid":{"rendered":"https:\/\/www.schulzentrum-stetten-akm.de\/?p=5243"},"modified":"2024-04-08T14:10:17","modified_gmt":"2024-04-08T12:10:17","slug":"lerngruppe-8-besucht-digitale-bildungsmesse-visionen-balingen","status":"publish","type":"post","link":"https:\/\/www.schulzentrum-stetten-akm.de\/sr\/lerngruppe-8-besucht-digitale-bildungsmesse-visionen-balingen\/","title":{"rendered":"Lerngruppe 8 besucht Digitale Bildungsmesse Visionen Balingen"},"content":{"rendered":"<p>Dass man bequem vom eigenen Tablet aus Informationen und Beratung zum eigenen Ausbildungsweg einholen kann, haben die Lerngruppen 8 des Schulzentrums Stetten a.k.M. gestern erstmals getestet: f\u00fcr den Besuch auf der digitalen Bildungsmesse Visionen Balingen mussten sie weder ihren Lerngruppenraum noch ihren Stuhl verlassen. 109 gelistete regionale ausbildende Betriebe und Beh\u00f6rden stellten sich und ihr Firmenprofil den jungen an einer Ausbildung Interessierten virtuell vor. Der Stellenmarkt der Zukunft bietet neben den M\u00f6glichkeiten zum Berufseinstieg auch Anreize f\u00fcr Praktika, FSJ-Stellen und Zug\u00e4nge zu Hochschulen und Bildungseinrichtungen.<\/p>\n\n\n\n<p>Doch ist ein virtueller Messe-Rundgang ohne direkten Ansprechpartner\n\u00fcberhaupt mit einem Pr\u00e4senzbesuch zu vergleichen?<\/p>\n\n\n\n<p>Den online-Besucher empf\u00e4ngt auf der Messe-Seite ein\nvirtuelles Podium des gew\u00e4hlten Ausstellers, auf dem er an Stationen die\njeweilige Firmenpr\u00e4sentation, Brosch\u00fcren zu Ausbildung und Studium oder Beruf,\nErkl\u00e4rvideos und Stellenbeschreibungen anklicken kann. Zus\u00e4tzlich ist ein\nLive-Chat geschaltet, in dem die Lernpartner von den Ansprechpartnern der\njeweiligen Institution weitere Ausk\u00fcnfte \u00fcber ihren gew\u00fcnschten\nAusbildungsgang, die Verg\u00fctung oder den Bewerbungsweg erbeten k\u00f6nnen. <\/p>\n\n\n\n<p>Damit alles reibungslos klappt, hatten sich die Lernpartner\nhinsichtlich ihrer Berufswahl bereits zuvor intensiv Gedanken \u00fcber ihre\nSt\u00e4rken, Interessen und Vorlieben gemacht, um in der digitalen Auswahl&nbsp; schnell ein passendes Angebot zu finden. Falls\ndoch einmal technische Schwierigkeiten auftreten sollten oder die Lernpartner beim\nSurfen Hilfe ben\u00f6tigen w\u00fcrden, standen mit den Lehrkr\u00e4ften Frau Jessica Zwick, Frau\nMarijke H\u00f6rger und Herrn Marco Heller auch ihre Lernbegleiter*innen zur\nVerf\u00fcgung, die ihnen individuelle Wege durch die F\u00fclle an Informationen\naufzeigen konnten.<\/p>\n\n\n\n<p>Den \u00dcberblick zu behalten hilft ein Steckbrief-Bogen, in dem\njeder Lernpartner eine Kurzzusammenfassung des digitalen Rundgangs eintr\u00e4gt:\nWelchen Ausbildungs- oder Studiengang bietet das Unternehmen an? Wie lange\ndauert die Ausbildung? Welche Voraussetzungen ben\u00f6tige ich? Gibt es Aufstiegs-\nund Weiterbildungsm\u00f6glichkeiten? Wie sollte meine Bewerbung aussehen? <\/p>\n\n\n\n<p>Die jungen angehenden Berufseinsteiger zeigten sich nach dem\nMessebesuch sehr zufrieden. Betont wurde der unkomplizierte Erstkontakt mit dem\nWunsch-Betrieb.<\/p>\n\n\n\n<p>\u201eDas ist eine gute L\u00f6sung, wenn man keinen Live-Besuch\nmachen kann\u201c, lobt Max Maag aus der 8.1 den informativen Netzauftritt. \u201eDie\nAnsprechpartner im Chat waren sehr nett.\u201c<\/p>\n\n\n\n<p>Joana Wetterer, die ebenfalls die 8.1 besucht, ist von dem\ngro\u00dfen Angebot an Stellenalternativen begeistert: \u201eF\u00fcr diejenigen, die noch\nkeinen Praktikumsplatz gefunden haben, ist es die Chance, jetzt noch einen Platz\nzu finden.\u201c<\/p>\n\n\n\n<p>Das erfolgreiche Messe-Konzept wird auch im n\u00e4chsten\nSchuljahr fester Bestandteil der Berufsorientierung am Schulzentrum Stetten\na.k.M. sein.<\/p>","protected":false},"excerpt":{"rendered":"<p>Dass man bequem vom eigenen Tablet aus Informationen und Beratung zum eigenen Ausbildungsweg einholen kann, haben die Lerngruppen 8 des Schulzentrums Stetten a.k.M. gestern erstmals getestet: f\u00fcr den Besuch auf &hellip; <\/p>","protected":false},"author":1,"featured_media":5244,"comment_status":"closed","ping_status":"closed","sticky":false,"template":"","format":"standard","meta":{"footnotes":""},"categories":[44,1,21,20],"tags":[],"class_list":["post-5243","post","type-post","status-publish","format-standard","has-post-thumbnail","hentry","category-berufsorientierung","category-allgemein","category-exkursionen-und-lerngaenge","category-veranstaltungen"],"_links":{"self":[{"href":"https:\/\/www.schulzentrum-stetten-akm.de\/sr\/wp-json\/wp\/v2\/posts\/5243","targetHints":{"allow":["GET"]}}],"collection":[{"href":"https:\/\/www.schulzentrum-stetten-akm.de\/sr\/wp-json\/wp\/v2\/posts"}],"about":[{"href":"https:\/\/www.schulzentrum-stetten-akm.de\/sr\/wp-json\/wp\/v2\/types\/post"}],"author":[{"embeddable":true,"href":"https:\/\/www.schulzentrum-stetten-akm.de\/sr\/wp-json\/wp\/v2\/users\/1"}],"replies":[{"embeddable":true,"href":"https:\/\/www.schulzentrum-stetten-akm.de\/sr\/wp-json\/wp\/v2\/comments?post=5243"}],"version-history":[{"count":1,"href":"https:\/\/www.schulzentrum-stetten-akm.de\/sr\/wp-json\/wp\/v2\/posts\/5243\/revisions"}],"predecessor-version":[{"id":5245,"href":"https:\/\/www.schulzentrum-stetten-akm.de\/sr\/wp-json\/wp\/v2\/posts\/5243\/revisions\/5245"}],"wp:featuredmedia":[{"embeddable":true,"href":"https:\/\/www.schulzentrum-stetten-akm.de\/sr\/wp-json\/wp\/v2\/media\/5244"}],"wp:attachment":[{"href":"https:\/\/www.schulzentrum-stetten-akm.de\/sr\/wp-json\/wp\/v2\/media?parent=5243"}],"wp:term":[{"taxonomy":"category","embeddable":true,"href":"https:\/\/www.schulzentrum-stetten-akm.de\/sr\/wp-json\/wp\/v2\/categories?post=5243"},{"taxonomy":"post_tag","embeddable":true,"href":"https:\/\/www.schulzentrum-stetten-akm.de\/sr\/wp-json\/wp\/v2\/tags?post=5243"}],"curies":[{"name":"wp","href":"https:\/\/api.w.org\/{rel}","templated":true}]}}