{"id":5145,"date":"2022-02-14T13:28:37","date_gmt":"2022-02-14T12:28:37","guid":{"rendered":"https:\/\/www.schulzentrum-stetten-akm.de\/?p=5145"},"modified":"2022-02-16T14:36:55","modified_gmt":"2022-02-16T13:36:55","slug":"von-herz-zu-herz","status":"publish","type":"post","link":"https:\/\/www.schulzentrum-stetten-akm.de\/sr\/von-herz-zu-herz\/","title":{"rendered":"Von Herz zu Herz"},"content":{"rendered":"<figure class=\"wp-block-image size-large\"><img loading=\"lazy\" decoding=\"async\" width=\"1024\" height=\"986\" src=\"https:\/\/www.schulzentrum-stetten-akm.de\/wp-content\/uploads\/2022\/02\/Valentinspost-2-1024x986.jpeg\" alt=\"\" class=\"wp-image-5153\" srcset=\"https:\/\/www.schulzentrum-stetten-akm.de\/wp-content\/uploads\/2022\/02\/Valentinspost-2-1024x986.jpeg 1024w, https:\/\/www.schulzentrum-stetten-akm.de\/wp-content\/uploads\/2022\/02\/Valentinspost-2-300x289.jpeg 300w, https:\/\/www.schulzentrum-stetten-akm.de\/wp-content\/uploads\/2022\/02\/Valentinspost-2-768x739.jpeg 768w, https:\/\/www.schulzentrum-stetten-akm.de\/wp-content\/uploads\/2022\/02\/Valentinspost-2-1536x1479.jpeg 1536w, https:\/\/www.schulzentrum-stetten-akm.de\/wp-content\/uploads\/2022\/02\/Valentinspost-2-scaled.jpeg 2048w\" sizes=\"auto, (max-width: 1024px) 100vw, 1024px\" \/><\/figure>\n\n\n\n<p>140 liebe Botschaften waren am heutigen Valentinstag in den einzelnen Lerngruppen des Schulzentrums Anlass f\u00fcr eine besondere Freude. Die allj\u00e4hrliche Valentins-Aktion der SMV fand auch dieses Jahr innerhalb der Schulgemeinschaft gro\u00dfen Anklang bei Lernpartnern wie Lehrern. <br>Die Lernpartner hatten letzte Woche eine Briefkarte erwerben k\u00f6nnen, in der sie ihre individuellen Gr\u00fc\u00dfe und guten W\u00fcnsche an die Beschenkten ausdr\u00fccken konnten. Das Design f\u00fcr die liebevolle Karte wurde von Camille Wolf aus Lerngruppe 8.2 entworfen. <br>Die Valentins-Karten wurden von den Lernpartnern der SMV gesammelt und heute zusammen mit einem roten Schokoladen-Herz an den Herzensmenschen verteilt. <br>Dem ein oder anderen wird die sch\u00f6ne Karte sicher ein wertvolles Erinnerungsst\u00fcck bleiben&#8230;<\/p>\n\n\n\n<p><\/p>","protected":false},"excerpt":{"rendered":"<p>140 liebe Botschaften waren am heutigen Valentinstag in den einzelnen Lerngruppen des Schulzentrums Anlass f\u00fcr eine besondere Freude. Die allj\u00e4hrliche Valentins-Aktion der SMV fand auch dieses Jahr innerhalb der Schulgemeinschaft &hellip; <\/p>","protected":false},"author":1,"featured_media":5157,"comment_status":"closed","ping_status":"closed","sticky":false,"template":"","format":"standard","meta":{"footnotes":""},"categories":[1,22,26,20],"tags":[],"class_list":["post-5145","post","type-post","status-publish","format-standard","has-post-thumbnail","hentry","category-allgemein","category-schulalltag","category-schulsozialarbeit","category-veranstaltungen"],"_links":{"self":[{"href":"https:\/\/www.schulzentrum-stetten-akm.de\/sr\/wp-json\/wp\/v2\/posts\/5145","targetHints":{"allow":["GET"]}}],"collection":[{"href":"https:\/\/www.schulzentrum-stetten-akm.de\/sr\/wp-json\/wp\/v2\/posts"}],"about":[{"href":"https:\/\/www.schulzentrum-stetten-akm.de\/sr\/wp-json\/wp\/v2\/types\/post"}],"author":[{"embeddable":true,"href":"https:\/\/www.schulzentrum-stetten-akm.de\/sr\/wp-json\/wp\/v2\/users\/1"}],"replies":[{"embeddable":true,"href":"https:\/\/www.schulzentrum-stetten-akm.de\/sr\/wp-json\/wp\/v2\/comments?post=5145"}],"version-history":[{"count":5,"href":"https:\/\/www.schulzentrum-stetten-akm.de\/sr\/wp-json\/wp\/v2\/posts\/5145\/revisions"}],"predecessor-version":[{"id":5160,"href":"https:\/\/www.schulzentrum-stetten-akm.de\/sr\/wp-json\/wp\/v2\/posts\/5145\/revisions\/5160"}],"wp:featuredmedia":[{"embeddable":true,"href":"https:\/\/www.schulzentrum-stetten-akm.de\/sr\/wp-json\/wp\/v2\/media\/5157"}],"wp:attachment":[{"href":"https:\/\/www.schulzentrum-stetten-akm.de\/sr\/wp-json\/wp\/v2\/media?parent=5145"}],"wp:term":[{"taxonomy":"category","embeddable":true,"href":"https:\/\/www.schulzentrum-stetten-akm.de\/sr\/wp-json\/wp\/v2\/categories?post=5145"},{"taxonomy":"post_tag","embeddable":true,"href":"https:\/\/www.schulzentrum-stetten-akm.de\/sr\/wp-json\/wp\/v2\/tags?post=5145"}],"curies":[{"name":"wp","href":"https:\/\/api.w.org\/{rel}","templated":true}]}}