{"id":5052,"date":"2021-11-15T13:22:55","date_gmt":"2021-11-15T12:22:55","guid":{"rendered":"https:\/\/www.schulzentrum-stetten-akm.de\/?p=5052"},"modified":"2022-04-07T11:22:46","modified_gmt":"2022-04-07T09:22:46","slug":"volkstrauertag-in-stetten-mahnende-worte-der-jungen-generation","status":"publish","type":"post","link":"https:\/\/www.schulzentrum-stetten-akm.de\/sr\/volkstrauertag-in-stetten-mahnende-worte-der-jungen-generation\/","title":{"rendered":"Volkstrauertag in Stetten: Mahnende Worte der jungen Generation"},"content":{"rendered":"<p>Traditionsgem\u00e4\u00df\nbeging die Gemeinde Stetten am kalten Markt den gestrigen Volkstrauertag mit\neiner Gedenkfeier f\u00fcr die Opfer und Gefallenen der beiden Weltkriege. <\/p>\n\n\n\n<p>B\u00fcrgermeister\nLehn lobte besonders das Engagement der Lernpartner aus den Lerngruppen 9 des\nSchulzentrums, die selbst verfasste Beitr\u00e4ge zum Gedenken an die Kriegsopfer\nverlasen, bevor am Kriegerdenkmal auf dem Schlosshof Kr\u00e4nze niedergelegt\nwurden.<\/p>\n\n\n\n<p>Die Beitr\u00e4ge der Lernpartnerinnen\nund Lernpartner zum Nachlesen: <\/p>\n\n\n\n<p><em>Louis: <\/em><\/p>\n\n\n\n<p><em>W\u00e4chst ein\nKind mit Kritik auf \u2013 lernt es zu verurteilen!<\/em><\/p>\n\n\n\n<p><em>W\u00e4chst ein\nKind mit Hass auf \u2013 lernt es zu k\u00e4mpfen!<\/em><\/p>\n\n\n\n<p><em>W\u00e4chst ein\nKind mit Spott auf \u2013 lernt es, scheu zu sein!<\/em><\/p>\n\n\n\n<p><em>W\u00e4chst ein\nKind mit Schmach auf \u2013 lernt es, sich schuldig zu f\u00fchlen!<\/em><\/p>\n\n\n\n<p><em>W\u00e4chst ein\nKind mit Toleranz auf \u2013 lernt es, geduldig zu sein!<\/em><\/p>\n\n\n\n<p><em>W\u00e4chst ein\nKind mit Ermutigung auf \u2013 lernt es, selbstsicher zu sein!<\/em><\/p>\n\n\n\n<p><em>W\u00e4chst ein\nKind mit Lob auf \u2013 lernt es, dankbar zu sein!<\/em><\/p>\n\n\n\n<p><em>W\u00e4chst ein\nKind mit Aufrichtigkeit auf \u2013 lernt es, gerecht zu sein!<\/em><\/p>\n\n\n\n<p><em>W\u00e4chst ein\nKind mit Sicherheit auf \u2013 lernt es, zuversichtlich zu sein!<\/em><\/p>\n\n\n\n<p><em>W\u00e4chst ein\nKind mit Anerkennung auf \u2013 lernt es, sich selbst zu sch\u00e4tzen!<\/em><\/p>\n\n\n\n<p><em>W\u00e4chst ein\nKind mit G\u00fcte und Freundlichkeit auf \u2013 lernt es, die Welt zu lieben!<\/em><\/p>\n\n\n\n<p><em>Julian:<\/em><\/p>\n\n\n\n<p><em>Dieser Tag\nsollte uns lehren, dass es falsch ist zu warten, bis die Macht und die\nSchrecken einer Diktatur unermesslich werden. Wir m\u00fcssen die Demokratie\nsch\u00fctzen und alles daf\u00fcr tun, dass sie nicht <\/em><em>das Opfer von falschem Idealismus und\nblinder Gefolgschaft wird. <\/em><em><\/em><\/p>\n\n\n\n<p><em>Gina:<\/em><\/p>\n\n\n\n<p><em>Wir Kinder und Jugendliche in Deutschland haben das Gl\u00fcck selbst nie von\nKriegen betroffen gewesen zu sein und doch h\u00f6ren und sehen wir in den\nNachrichten und den sozialen Medien immer wieder, wie schrecklich es anderen in\nunserem Alter in anderen L\u00e4ndern geht. Wir wollen heute an diese Kinder und\nJugendliche denken und hoffen f\u00fcr sie, dass sie diese Zeit so gut wie m\u00f6glich\n\u00fcberstehen.<\/em><\/p>\n\n\n\n<p><em>Wannessa:<\/em><\/p>\n\n\n\n<p><em>Die Zeit der Weltkriege hat viele Menschen dazu gezwungen, ihr Leben komplett neu zu beginnen. Auf den Tr\u00fcmmern ihrer Besitzt\u00fcmer oder in anderen L\u00e4ndern. Auch heute m\u00fcssen viele Menschen ihr altes Leben hinter sich lassen und werden zu einem Neuanfang gezwungen. Indem wir an die Menschen von damals erinnern, k\u00f6nnen wir vielleicht etwas mehr Verst\u00e4ndnis f\u00fcr die Menschen der heutigen Zeit entwickeln, die heute unverschuldet in dieser Lage sind.<\/em><\/p>\n\n\n\n<p><em>Phillipp:<\/em><\/p>\n\n\n\n<p><em>Volkstrauertag. Ein Tag in dem ein ganzes Volk gemeinsam an schreckliche\nEreignisse der Vergangenheit erinnert. Lasst uns diese Gelegenheit der\ngemeinsamen Erinnerung dazu nutzen, um uns bewusst zu machen, dass wir zusammen\nstehen m\u00fcssen, damit sich die Ereignisse der Geschichte nicht wiederholen. Egal\nwoher wir kommen, wir sollten gemeinsam in die Zukunft blicken und uns nicht in\nschweren Situationen spalten lassen. <\/em><\/p>\n\n\n\n<p><em>Vanessa <\/em><\/p>\n\n\n\n<p><em>Wir gedenken der gefallenen Soldaten, der Gefangenen und all denen, die Gewalt, Verw\u00fcstung und Trauer miterlebt haben. Wir denken an die, die Opfer gebracht haben und zusammengehalten haben. Ohne sie w\u00fcrden wir vielleicht nicht mehr dort sein, wo wir heute sind.<\/em><\/p>\n\n\n\n<p><em>Sina<\/em><\/p>\n\n\n\n<p><em>Wir gedenken heute der Menschen, die nicht das Gl\u00fcck hatten, nach\neinem erf\u00fcllten langen Leben sterben zu d\u00fcrfen, sondern derer, die ihr Leben\nnoch nicht gelebt hatten, die aus ihrem Leben gerissen wurden und Opfer der\nbeiden Weltkriege und des Nationalsozialismus wurden.<\/em><\/p>\n\n\n\n<p><em>Jacek<\/em><\/p>\n\n\n\n<p><em>Es sind so viele Menschen im Krieg gestorben. Und es gibt immer\nnoch Krieg in manchen L\u00e4ndern. Das muss aufh\u00f6ren. Es gibt aber auch Gewalt im\nAlltag. Kinder werden von anderen geschlagen oder schlagen jemand anderen. Wir\nsollten aus den Fehlern lernen und nicht die Fehler der Geschichte wiederholen.\nWir sollten geben statt nehmen. <\/em><\/p>\n\n\n\n<p><em>Jonas<\/em><\/p>\n\n\n\n<p><em>Dauernder Friede kann nicht durch Drohungen, sondern nur durch den\nehrlichen Versuch vorbereitet werden, gegenseitiges Vertrauen herzustellen.<\/em><\/p>\n\n\n\n<p><em>Dawid<\/em><\/p>\n\n\n\n<p><em>Unser eigenes Leben steht im Zeichen der Hoffnung auf Vers\u00f6hnung und Frieden unter den Menschen und V\u00f6lkern. Dies ist unsere Verantwortung, die wir als junge Generation zuhause und in der Welt<\/em> <em>wahrnehmen wollen.<\/em><\/p>","protected":false},"excerpt":{"rendered":"<p>Traditionsgem\u00e4\u00df beging die Gemeinde Stetten am kalten Markt den gestrigen Volkstrauertag mit einer Gedenkfeier f\u00fcr die Opfer und Gefallenen der beiden Weltkriege. B\u00fcrgermeister Lehn lobte besonders das Engagement der Lernpartner &hellip; <\/p>","protected":false},"author":1,"featured_media":5053,"comment_status":"closed","ping_status":"closed","sticky":false,"template":"","format":"standard","meta":{"footnotes":""},"categories":[1,21,20],"tags":[],"class_list":["post-5052","post","type-post","status-publish","format-standard","has-post-thumbnail","hentry","category-allgemein","category-exkursionen-und-lerngaenge","category-veranstaltungen"],"_links":{"self":[{"href":"https:\/\/www.schulzentrum-stetten-akm.de\/sr\/wp-json\/wp\/v2\/posts\/5052","targetHints":{"allow":["GET"]}}],"collection":[{"href":"https:\/\/www.schulzentrum-stetten-akm.de\/sr\/wp-json\/wp\/v2\/posts"}],"about":[{"href":"https:\/\/www.schulzentrum-stetten-akm.de\/sr\/wp-json\/wp\/v2\/types\/post"}],"author":[{"embeddable":true,"href":"https:\/\/www.schulzentrum-stetten-akm.de\/sr\/wp-json\/wp\/v2\/users\/1"}],"replies":[{"embeddable":true,"href":"https:\/\/www.schulzentrum-stetten-akm.de\/sr\/wp-json\/wp\/v2\/comments?post=5052"}],"version-history":[{"count":2,"href":"https:\/\/www.schulzentrum-stetten-akm.de\/sr\/wp-json\/wp\/v2\/posts\/5052\/revisions"}],"predecessor-version":[{"id":5055,"href":"https:\/\/www.schulzentrum-stetten-akm.de\/sr\/wp-json\/wp\/v2\/posts\/5052\/revisions\/5055"}],"wp:featuredmedia":[{"embeddable":true,"href":"https:\/\/www.schulzentrum-stetten-akm.de\/sr\/wp-json\/wp\/v2\/media\/5053"}],"wp:attachment":[{"href":"https:\/\/www.schulzentrum-stetten-akm.de\/sr\/wp-json\/wp\/v2\/media?parent=5052"}],"wp:term":[{"taxonomy":"category","embeddable":true,"href":"https:\/\/www.schulzentrum-stetten-akm.de\/sr\/wp-json\/wp\/v2\/categories?post=5052"},{"taxonomy":"post_tag","embeddable":true,"href":"https:\/\/www.schulzentrum-stetten-akm.de\/sr\/wp-json\/wp\/v2\/tags?post=5052"}],"curies":[{"name":"wp","href":"https:\/\/api.w.org\/{rel}","templated":true}]}}