{"id":4740,"date":"2021-03-25T12:15:10","date_gmt":"2021-03-25T11:15:10","guid":{"rendered":"https:\/\/www.schulzentrum-stetten-akm.de\/?p=4740"},"modified":"2021-03-25T12:18:44","modified_gmt":"2021-03-25T11:18:44","slug":"ostern-2021","status":"publish","type":"post","link":"https:\/\/www.schulzentrum-stetten-akm.de\/sr\/ostern-2021\/","title":{"rendered":"Ostern 2021"},"content":{"rendered":"<p>Ein kleiner Impuls f\u00fcr die Ostertage von unserer Schulseelsorgerin Frau Straub<\/p>\n\n\n\n<p>Auch dieses Jahr feiern wir das Osterfest unter Coronabedingungen, trotzdem f\u00e4llt Ostern nicht aus.\u00a0<br \/>Hier ein kleiner Impuls f\u00fcr die etwas kleineren unter euch oder auch alle gro\u00dfen, die vielleicht gerne backen: <span style=\"color: #ff0000;\"><a style=\"color: #ff0000;\" href=\"https:\/\/www.schulzentrum-stetten-akm.de\/wp-content\/uploads\/2020\/03\/Ostern-2020-Zuhause8662.pdf\" target=\"_blank\" rel=\"noopener noreferrer\">OSTERN<\/a><\/span><\/p>\n<p>Und den etwas gr\u00f6\u00dferen unter euch, m\u00f6chte ich diese zwei YouTube-Videos nahelegen:<\/p>\n<p><a href=\"https:\/\/www.youtube.com\/watch?v=vGw-0zwt4is\" target=\"_blank\" rel=\"noopener noreferrer\">Wellerman<\/a>\u00a0&#8211; Nathan Evans: Dieses Lied steht f\u00fcr die Zeit in der wir uns befinden, die Fastenzeit &#8211; Zeit der Entbehrungen.<\/p>\n<p><a href=\"https:\/\/www.youtube.com\/watch?v=jnEDgt5_0j8\">Lord of the Dance<\/a> &#8211; Will Millar: Und dieses Lied steht f\u00fcr das, auf das wir alle hoffen (Ostern).<\/p>\n<p>Ich w\u00fcsche euch allen eine sch\u00f6ne Osterzeit.<\/p>\n<p>Martina Straub<\/p>","protected":false},"excerpt":{"rendered":"<p>Ein kleiner Impuls f\u00fcr die Ostertage von unserer Schulseelsorgerin Frau Straub<\/p>","protected":false},"author":1,"featured_media":4742,"comment_status":"closed","ping_status":"closed","sticky":false,"template":"","format":"standard","meta":{"footnotes":""},"categories":[1,25,22],"tags":[],"class_list":["post-4740","post","type-post","status-publish","format-standard","has-post-thumbnail","hentry","category-allgemein","category-ankuendigungen","category-schulalltag"],"_links":{"self":[{"href":"https:\/\/www.schulzentrum-stetten-akm.de\/sr\/wp-json\/wp\/v2\/posts\/4740","targetHints":{"allow":["GET"]}}],"collection":[{"href":"https:\/\/www.schulzentrum-stetten-akm.de\/sr\/wp-json\/wp\/v2\/posts"}],"about":[{"href":"https:\/\/www.schulzentrum-stetten-akm.de\/sr\/wp-json\/wp\/v2\/types\/post"}],"author":[{"embeddable":true,"href":"https:\/\/www.schulzentrum-stetten-akm.de\/sr\/wp-json\/wp\/v2\/users\/1"}],"replies":[{"embeddable":true,"href":"https:\/\/www.schulzentrum-stetten-akm.de\/sr\/wp-json\/wp\/v2\/comments?post=4740"}],"version-history":[{"count":2,"href":"https:\/\/www.schulzentrum-stetten-akm.de\/sr\/wp-json\/wp\/v2\/posts\/4740\/revisions"}],"predecessor-version":[{"id":4743,"href":"https:\/\/www.schulzentrum-stetten-akm.de\/sr\/wp-json\/wp\/v2\/posts\/4740\/revisions\/4743"}],"wp:featuredmedia":[{"embeddable":true,"href":"https:\/\/www.schulzentrum-stetten-akm.de\/sr\/wp-json\/wp\/v2\/media\/4742"}],"wp:attachment":[{"href":"https:\/\/www.schulzentrum-stetten-akm.de\/sr\/wp-json\/wp\/v2\/media?parent=4740"}],"wp:term":[{"taxonomy":"category","embeddable":true,"href":"https:\/\/www.schulzentrum-stetten-akm.de\/sr\/wp-json\/wp\/v2\/categories?post=4740"},{"taxonomy":"post_tag","embeddable":true,"href":"https:\/\/www.schulzentrum-stetten-akm.de\/sr\/wp-json\/wp\/v2\/tags?post=4740"}],"curies":[{"name":"wp","href":"https:\/\/api.w.org\/{rel}","templated":true}]}}