{"id":4472,"date":"2020-12-15T21:19:38","date_gmt":"2020-12-15T20:19:38","guid":{"rendered":"https:\/\/www.schulzentrum-stetten-akm.de\/?p=4472"},"modified":"2024-03-21T07:49:30","modified_gmt":"2024-03-21T06:49:30","slug":"sozi-news-2","status":"publish","type":"post","link":"https:\/\/www.schulzentrum-stetten-akm.de\/sr\/sozi-news-2\/","title":{"rendered":"Sozi-News"},"content":{"rendered":"<p>F\u00fcr den neuen Lock-Down gibt es einen neuen Grundschulbrief und eine Elterninfo.<br>Diese findet ihr\/ finden Sie unter den &#8222;<a href=\"https:\/\/www.schulzentrum-stetten-akm.de\/sr\/sozi-news\/\" target=\"_blank\" rel=\"noreferrer noopener\" aria-label=\"Sozi-News (opens in a new tab)\">Sozi-News<\/a>&#8220; auf der Seite unserer Schulsozialarbeit und im <a href=\"https:\/\/www.schulzentrum-stetten-akm.de\/sr\/downloads\/\" target=\"_blank\" rel=\"noreferrer noopener\" aria-label=\"Downloadbereich (opens in a new tab)\">Downloadbereich<\/a>.<br><br>Ich w\u00fcnsche euch und Ihnen trotz allem eine sch\u00f6ne Adventszeit und einen guten Rutsch in das neue Kalenderjahr.<br>Herzliche Gr\u00fc\u00dfe<\/p>\n\n\n\n<p>Frau Schmitz <\/p>","protected":false},"excerpt":{"rendered":"<p>F\u00fcr den neuen Lock-Down gibt es einen neuen Grundschulbrief und eine Elterninfo.Diese findet ihr\/ finden Sie unter den &#8222;Sozi-News&#8220; auf der Seite unserer Schulsozialarbeit und im Downloadbereich. Ich w\u00fcnsche euch &hellip; <\/p>","protected":false},"author":1,"featured_media":1419,"comment_status":"closed","ping_status":"closed","sticky":false,"template":"","format":"standard","meta":{"footnotes":""},"categories":[1,26],"tags":[],"class_list":["post-4472","post","type-post","status-publish","format-standard","has-post-thumbnail","hentry","category-allgemein","category-schulsozialarbeit"],"_links":{"self":[{"href":"https:\/\/www.schulzentrum-stetten-akm.de\/sr\/wp-json\/wp\/v2\/posts\/4472","targetHints":{"allow":["GET"]}}],"collection":[{"href":"https:\/\/www.schulzentrum-stetten-akm.de\/sr\/wp-json\/wp\/v2\/posts"}],"about":[{"href":"https:\/\/www.schulzentrum-stetten-akm.de\/sr\/wp-json\/wp\/v2\/types\/post"}],"author":[{"embeddable":true,"href":"https:\/\/www.schulzentrum-stetten-akm.de\/sr\/wp-json\/wp\/v2\/users\/1"}],"replies":[{"embeddable":true,"href":"https:\/\/www.schulzentrum-stetten-akm.de\/sr\/wp-json\/wp\/v2\/comments?post=4472"}],"version-history":[{"count":1,"href":"https:\/\/www.schulzentrum-stetten-akm.de\/sr\/wp-json\/wp\/v2\/posts\/4472\/revisions"}],"predecessor-version":[{"id":4473,"href":"https:\/\/www.schulzentrum-stetten-akm.de\/sr\/wp-json\/wp\/v2\/posts\/4472\/revisions\/4473"}],"wp:featuredmedia":[{"embeddable":true,"href":"https:\/\/www.schulzentrum-stetten-akm.de\/sr\/wp-json\/wp\/v2\/media\/1419"}],"wp:attachment":[{"href":"https:\/\/www.schulzentrum-stetten-akm.de\/sr\/wp-json\/wp\/v2\/media?parent=4472"}],"wp:term":[{"taxonomy":"category","embeddable":true,"href":"https:\/\/www.schulzentrum-stetten-akm.de\/sr\/wp-json\/wp\/v2\/categories?post=4472"},{"taxonomy":"post_tag","embeddable":true,"href":"https:\/\/www.schulzentrum-stetten-akm.de\/sr\/wp-json\/wp\/v2\/tags?post=4472"}],"curies":[{"name":"wp","href":"https:\/\/api.w.org\/{rel}","templated":true}]}}