{"id":3933,"date":"2020-06-19T18:21:53","date_gmt":"2020-06-19T16:21:53","guid":{"rendered":"https:\/\/www.schulzentrum-stetten-akm.de\/?p=3933"},"modified":"2020-07-21T11:07:07","modified_gmt":"2020-07-21T09:07:07","slug":"pilot-projekt-compassion-des-schulzentrums-stetten-a-k-m","status":"publish","type":"post","link":"https:\/\/www.schulzentrum-stetten-akm.de\/sr\/pilot-projekt-compassion-des-schulzentrums-stetten-a-k-m\/","title":{"rendered":"Pilot-Projekt COMPASSION des Schulzentrums Stetten a.k.M."},"content":{"rendered":"<p class=\"has-text-align-center has-large-font-size\">Das Leuchten in den Augen des Kindes<\/p>\n\n\n\n<p class=\"has-text-align-center has-small-font-size\">Annemarie Ziegler<\/p>\n\n\n\n<p>Gegen die sp\u00fcrbare Zunahme sozialer K\u00e4lte in unserer Gesellschaft setzt Schulseelsorgerin und Religionslehrerin Martina Straub am Schulzentrum Stetten a.k.M. ein deutliches Zeichen der Mitmenschlichkeit: in diesem Jahr hat sie in einem Pilot-Versuch mit den Lernpartnern der Lerngruppe 10 das Projekt COMPASSION initiiert, das Sch\u00fcler im Umgang mit hilfebed\u00fcrftigen Menschen sensibilisieren soll. Der Erfolg ihres Projektes gibt Martina Straub Recht: soziales Engagement ist eine ebenso wichtige Kompetenz wie ein Schulabschluss und bildet einen Menschen ganzheitlich.<\/p>\n<p>COMPASSION wurde als Projekt sozialen Lernens von einer Arbeitsgruppe der Deutschen Bischofskonferenz und der Schulstiftung der Erzdi\u00f6zese Freiburg ins Leben gerufen. Ziel sollte sein, Sch\u00fclern f\u00fcr den Zeitraum eines Praktikums Einblick in verschiedene soziale Einrichtungen wie Altenheime, Kinderg\u00e4rten oder caritative Stellen zu gew\u00e4hren, um ihnen Gelegenheit zu geben, eigene Erfahrungen im Umgang mit Benachteiligten zu sammeln und ihr Einf\u00fchlungsverm\u00f6gen zu st\u00e4rken. 2002 wurde COMPASSION mit dem Alcuin-Award der European Parents Association ausgezeichnet und entspricht dem 2004 im Bildungsplan f\u00fcr die Realschulen in Baden-W\u00fcrttemberg verankerten themenorientierten Projekt Soziales Engagement.<\/p>\n<p>Angepasst an die \u00f6rtlichen Verh\u00e4ltnisse in der Gemeinde Stetten a.k.M. startete die erste COMPASSION-Gruppe im Januar 2020 mit einem Umfang von acht Stunden Betreuung hilfebed\u00fcrftiger Menschen aus dem eigenen Umfeld. Verwandte, Freunde und Bekannte wurden auf ihrem teils schweren Lebensweg begleitet und unterst\u00fctzt. Die gewonnenen Einsichten notierten die Lernpartner in einer verpflichtenden Dokumentation, die eine T\u00e4tigkeitsbeschreibung der geleisteten Unterst\u00fctzung sowie eine eigene Reflektion enthielt. Auf dieser Grundlage erfolgte nach Abschluss der COMPASSION-Zeit das unterrichtliche Gespr\u00e4ch, in dem die teils einschneidenden Erfahrungen der Sch\u00fcler professionell aufgearbeitet wurden.<\/p>\n<figure id=\"attachment_3931\" aria-describedby=\"caption-attachment-3931\" style=\"width: 300px\" class=\"wp-caption aligncenter\"><a href=\"https:\/\/www.schulzentrum-stetten-akm.de\/wp-content\/uploads\/2020\/06\/Bild-2-Sch\u00fclerdokumentationen--scaled.jpg\"><img loading=\"lazy\" decoding=\"async\" class=\"wp-image-3931 size-medium\" src=\"https:\/\/www.schulzentrum-stetten-akm.de\/wp-content\/uploads\/2020\/06\/Bild-2-Sch\u00fclerdokumentationen--300x241.jpg\" alt=\"\" width=\"300\" height=\"241\" srcset=\"https:\/\/www.schulzentrum-stetten-akm.de\/wp-content\/uploads\/2020\/06\/Bild-2-Sch\u00fclerdokumentationen--300x241.jpg 300w, https:\/\/www.schulzentrum-stetten-akm.de\/wp-content\/uploads\/2020\/06\/Bild-2-Sch\u00fclerdokumentationen--1024x822.jpg 1024w, https:\/\/www.schulzentrum-stetten-akm.de\/wp-content\/uploads\/2020\/06\/Bild-2-Sch\u00fclerdokumentationen--768x617.jpg 768w, https:\/\/www.schulzentrum-stetten-akm.de\/wp-content\/uploads\/2020\/06\/Bild-2-Sch\u00fclerdokumentationen--1536x1233.jpg 1536w, https:\/\/www.schulzentrum-stetten-akm.de\/wp-content\/uploads\/2020\/06\/Bild-2-Sch\u00fclerdokumentationen--scaled.jpg 2048w\" sizes=\"auto, (max-width: 300px) 100vw, 300px\" \/><\/a><figcaption id=\"caption-attachment-3931\" class=\"wp-caption-text\">Hingebungsvoll und kreativ gestalteten die Sch\u00fcler ihre Dokumentationen.&nbsp;Foto: Martina Straub<\/figcaption><\/figure>\n<p>Mitmenschliches Handeln und Solidarit\u00e4t gelten als Grundpfeiler gelungener Sozialisation und bef\u00e4higen zur \u00dcbernahme ethisch relevanter Aufgaben im eigenen Lebensumfeld. Von Menschen, die dauerhaft auf die Hilfe anderer angewiesen sind, k\u00f6nnen diejenigen etwas lernen, f\u00fcr die es selbstverst\u00e4ndlich ist, gesund und eigenst\u00e4ndig zu sein. Dass es dabei zu bereichernden, tiefen zwischenmenschlichen Einsichten und Erlebnissen kommt, k\u00f6nnen die Lernpartner des Pilotversuches nun aus eigener Erfahrung berichten. Etwa, dass sich jemand dar\u00fcber gefreut hat, dass man beim Rasenm\u00e4hen besonders sch\u00f6ne Blumen hat stehen lassen. Oder dass es \u00fcberhaupt sch\u00f6n ist, sich zu sehen und Zeit miteinander zu verbringen. Es tue so wohl, f\u00fcr Kleinigkeiten ein Dankesch\u00f6n zu erhalten und auch mit unbedeutenden Dingen viel zu bewirken. Es sei unbeschreiblich, wenn Zuwendung in Kinderaugen ein Leuchten erstrahlen lasse. Ganz besonders nahe gingen den betroffenen Sch\u00fclern drei Sterbende. Die gemeinsame Dankbarkeit f\u00fcr die wertvolle Zeit des Miteinanders, die man sich sonst vielleicht nicht genommen h\u00e4tte, wurde zu einer existentiellen pers\u00f6nlichen Erfahrung. &nbsp;<\/p>\n<p>Die Herzenserfahrungen der jungen COMPASSION-Begleiter hat die Schulseelsorgerin Frau Straub auf kleine bunte Stofft\u00fccher gemalt und nebeneinander gereiht: eine Gebetsfahne nach dem buddhistischen Vorbild. So spannte Sie auf ganz praktische Weise den Bogen zum vorherigen Lerngruppenthema \u201eBuddhismus\u201c. Nach buddhistischer Vorstellung werden die aufgeschriebenen Worte mit dem Wind in die Welt und den Himmel geweht.<\/p>\n<figure id=\"attachment_3932\" aria-describedby=\"caption-attachment-3932\" style=\"width: 300px\" class=\"wp-caption aligncenter\"><a href=\"https:\/\/www.schulzentrum-stetten-akm.de\/wp-content\/uploads\/2020\/06\/Bild-3-Gebetsfahne-scaled.jpg\"><img loading=\"lazy\" decoding=\"async\" class=\"wp-image-3932 size-medium\" src=\"https:\/\/www.schulzentrum-stetten-akm.de\/wp-content\/uploads\/2020\/06\/Bild-3-Gebetsfahne-300x190.jpg\" alt=\"\" width=\"300\" height=\"190\" srcset=\"https:\/\/www.schulzentrum-stetten-akm.de\/wp-content\/uploads\/2020\/06\/Bild-3-Gebetsfahne-300x190.jpg 300w, https:\/\/www.schulzentrum-stetten-akm.de\/wp-content\/uploads\/2020\/06\/Bild-3-Gebetsfahne-1024x650.jpg 1024w, https:\/\/www.schulzentrum-stetten-akm.de\/wp-content\/uploads\/2020\/06\/Bild-3-Gebetsfahne-768x487.jpg 768w, https:\/\/www.schulzentrum-stetten-akm.de\/wp-content\/uploads\/2020\/06\/Bild-3-Gebetsfahne-1536x974.jpg 1536w, https:\/\/www.schulzentrum-stetten-akm.de\/wp-content\/uploads\/2020\/06\/Bild-3-Gebetsfahne-scaled.jpg 2048w\" sizes=\"auto, (max-width: 300px) 100vw, 300px\" \/><\/a><figcaption id=\"caption-attachment-3932\" class=\"wp-caption-text\">Die Gebetsfahne der Lerngruppe des Schulzentrums.&nbsp;Foto: Martina Straub<\/figcaption><\/figure>","protected":false},"excerpt":{"rendered":"<p>Das Leuchten in den Augen des Kindes Annemarie Ziegler Gegen die sp\u00fcrbare Zunahme sozialer K\u00e4lte in unserer Gesellschaft setzt Schulseelsorgerin und Religionslehrerin Martina Straub am Schulzentrum Stetten a.k.M. ein deutliches &hellip; <\/p>","protected":false},"author":1,"featured_media":0,"comment_status":"closed","ping_status":"closed","sticky":false,"template":"","format":"standard","meta":{"footnotes":""},"categories":[1,22],"tags":[],"class_list":["post-3933","post","type-post","status-publish","format-standard","hentry","category-allgemein","category-schulalltag"],"_links":{"self":[{"href":"https:\/\/www.schulzentrum-stetten-akm.de\/sr\/wp-json\/wp\/v2\/posts\/3933","targetHints":{"allow":["GET"]}}],"collection":[{"href":"https:\/\/www.schulzentrum-stetten-akm.de\/sr\/wp-json\/wp\/v2\/posts"}],"about":[{"href":"https:\/\/www.schulzentrum-stetten-akm.de\/sr\/wp-json\/wp\/v2\/types\/post"}],"author":[{"embeddable":true,"href":"https:\/\/www.schulzentrum-stetten-akm.de\/sr\/wp-json\/wp\/v2\/users\/1"}],"replies":[{"embeddable":true,"href":"https:\/\/www.schulzentrum-stetten-akm.de\/sr\/wp-json\/wp\/v2\/comments?post=3933"}],"version-history":[{"count":2,"href":"https:\/\/www.schulzentrum-stetten-akm.de\/sr\/wp-json\/wp\/v2\/posts\/3933\/revisions"}],"predecessor-version":[{"id":4015,"href":"https:\/\/www.schulzentrum-stetten-akm.de\/sr\/wp-json\/wp\/v2\/posts\/3933\/revisions\/4015"}],"wp:attachment":[{"href":"https:\/\/www.schulzentrum-stetten-akm.de\/sr\/wp-json\/wp\/v2\/media?parent=3933"}],"wp:term":[{"taxonomy":"category","embeddable":true,"href":"https:\/\/www.schulzentrum-stetten-akm.de\/sr\/wp-json\/wp\/v2\/categories?post=3933"},{"taxonomy":"post_tag","embeddable":true,"href":"https:\/\/www.schulzentrum-stetten-akm.de\/sr\/wp-json\/wp\/v2\/tags?post=3933"}],"curies":[{"name":"wp","href":"https:\/\/api.w.org\/{rel}","templated":true}]}}