{"id":8879,"date":"2026-03-10T08:54:18","date_gmt":"2026-03-10T07:54:18","guid":{"rendered":"https:\/\/www.schulzentrum-stetten-akm.de\/?p=8879"},"modified":"2026-03-10T08:55:25","modified_gmt":"2026-03-10T07:55:25","slug":"textilgeschichte-hautnah","status":"publish","type":"post","link":"https:\/\/www.schulzentrum-stetten-akm.de\/ru\/textilgeschichte-hautnah\/","title":{"rendered":"Textilgeschichte hautnah"},"content":{"rendered":"<p><\/p>\n\n\n\n<p>Die AES-Lerngruppen 8.1 und 8.2 besuchten gemeinsam mit Frau Wolfram und Frau Unterstenh\u00f6fer das Maschenmuseum in Albstadt-Tailfingen. Dort erhielten sie einen spannenden Einblick in die Geschichte und Entwicklung der Textilindustrie in der Region.<\/p>\n\n\n\n<p>Besonders beeindruckend waren die historischen Strickmaschinen, die eindrucksvoll zeigten, wie viel Handarbeit und technisches Know-how fr\u00fcher in der Produktion steckten. W\u00e4hrend der F\u00fchrung erfuhr die Gruppe au\u00dferdem, wie sich Mode, Materialien und Arbeitsprozesse im Laufe der Zeit ver\u00e4ndert haben.<\/p>\n\n\n\n<p>Der Besuch machte deutlich, welche Bedeutung die Textiltradition bis heute f\u00fcr Albstadt hat. F\u00fcr die Sch\u00fclerinnen und Sch\u00fcler war es ein lehrreicher und abwechslungsreicher Ausflug \u2013 und f\u00fcr einige steht fest: Ein Besuch im Maschenmuseum lohnt sich auf jeden Fall noch einmal.<\/p>\n\n\n\n<figure class=\"wp-block-image size-large\"><img loading=\"lazy\" decoding=\"async\" width=\"1024\" height=\"768\" src=\"https:\/\/www.schulzentrum-stetten-akm.de\/wp-content\/uploads\/2026\/03\/IMG_1221-1024x768.jpeg\" alt=\"\" class=\"wp-image-8880\" srcset=\"https:\/\/www.schulzentrum-stetten-akm.de\/wp-content\/uploads\/2026\/03\/IMG_1221-1024x768.jpeg 1024w, https:\/\/www.schulzentrum-stetten-akm.de\/wp-content\/uploads\/2026\/03\/IMG_1221-300x225.jpeg 300w, https:\/\/www.schulzentrum-stetten-akm.de\/wp-content\/uploads\/2026\/03\/IMG_1221-768x576.jpeg 768w, https:\/\/www.schulzentrum-stetten-akm.de\/wp-content\/uploads\/2026\/03\/IMG_1221-1536x1152.jpeg 1536w, https:\/\/www.schulzentrum-stetten-akm.de\/wp-content\/uploads\/2026\/03\/IMG_1221-scaled.jpeg 2048w, https:\/\/www.schulzentrum-stetten-akm.de\/wp-content\/uploads\/2026\/03\/IMG_1221-16x12.jpeg 16w\" sizes=\"auto, (max-width: 1024px) 100vw, 1024px\" \/><\/figure>\n\n\n\n<figure class=\"wp-block-image size-large is-resized\"><img loading=\"lazy\" decoding=\"async\" width=\"768\" height=\"1024\" src=\"https:\/\/www.schulzentrum-stetten-akm.de\/wp-content\/uploads\/2026\/03\/IMG_1207-768x1024.jpeg\" alt=\"\" class=\"wp-image-8881\" style=\"width:960px;height:auto\" srcset=\"https:\/\/www.schulzentrum-stetten-akm.de\/wp-content\/uploads\/2026\/03\/IMG_1207-768x1024.jpeg 768w, https:\/\/www.schulzentrum-stetten-akm.de\/wp-content\/uploads\/2026\/03\/IMG_1207-225x300.jpeg 225w, https:\/\/www.schulzentrum-stetten-akm.de\/wp-content\/uploads\/2026\/03\/IMG_1207-1152x1536.jpeg 1152w, https:\/\/www.schulzentrum-stetten-akm.de\/wp-content\/uploads\/2026\/03\/IMG_1207-scaled.jpeg 1536w, https:\/\/www.schulzentrum-stetten-akm.de\/wp-content\/uploads\/2026\/03\/IMG_1207-9x12.jpeg 9w\" sizes=\"auto, (max-width: 768px) 100vw, 768px\" \/><\/figure>\n\n\n\n<p><em>Quelle: Katja Unterstenh\u00f6fer<\/em><\/p>","protected":false},"excerpt":{"rendered":"<p>Die AES-Lerngruppen 8.1 und 8.2 besuchten gemeinsam mit Frau Wolfram und Frau Unterstenh\u00f6fer das Maschenmuseum in Albstadt-Tailfingen. Dort erhielten sie einen spannenden Einblick in die Geschichte und Entwicklung der Textilindustrie &hellip; <\/p>","protected":false},"author":26,"featured_media":8885,"comment_status":"closed","ping_status":"closed","sticky":false,"template":"","format":"standard","meta":{"footnotes":""},"categories":[1,21],"tags":[],"class_list":["post-8879","post","type-post","status-publish","format-standard","has-post-thumbnail","hentry","category-allgemein","category-exkursionen-und-lerngaenge"],"_links":{"self":[{"href":"https:\/\/www.schulzentrum-stetten-akm.de\/ru\/wp-json\/wp\/v2\/posts\/8879","targetHints":{"allow":["GET"]}}],"collection":[{"href":"https:\/\/www.schulzentrum-stetten-akm.de\/ru\/wp-json\/wp\/v2\/posts"}],"about":[{"href":"https:\/\/www.schulzentrum-stetten-akm.de\/ru\/wp-json\/wp\/v2\/types\/post"}],"author":[{"embeddable":true,"href":"https:\/\/www.schulzentrum-stetten-akm.de\/ru\/wp-json\/wp\/v2\/users\/26"}],"replies":[{"embeddable":true,"href":"https:\/\/www.schulzentrum-stetten-akm.de\/ru\/wp-json\/wp\/v2\/comments?post=8879"}],"version-history":[{"count":1,"href":"https:\/\/www.schulzentrum-stetten-akm.de\/ru\/wp-json\/wp\/v2\/posts\/8879\/revisions"}],"predecessor-version":[{"id":8884,"href":"https:\/\/www.schulzentrum-stetten-akm.de\/ru\/wp-json\/wp\/v2\/posts\/8879\/revisions\/8884"}],"wp:featuredmedia":[{"embeddable":true,"href":"https:\/\/www.schulzentrum-stetten-akm.de\/ru\/wp-json\/wp\/v2\/media\/8885"}],"wp:attachment":[{"href":"https:\/\/www.schulzentrum-stetten-akm.de\/ru\/wp-json\/wp\/v2\/media?parent=8879"}],"wp:term":[{"taxonomy":"category","embeddable":true,"href":"https:\/\/www.schulzentrum-stetten-akm.de\/ru\/wp-json\/wp\/v2\/categories?post=8879"},{"taxonomy":"post_tag","embeddable":true,"href":"https:\/\/www.schulzentrum-stetten-akm.de\/ru\/wp-json\/wp\/v2\/tags?post=8879"}],"curies":[{"name":"wp","href":"https:\/\/api.w.org\/{rel}","templated":true}]}}