{"id":8300,"date":"2025-07-19T14:21:19","date_gmt":"2025-07-19T12:21:19","guid":{"rendered":"https:\/\/www.schulzentrum-stetten-akm.de\/?p=8300"},"modified":"2025-07-21T19:19:16","modified_gmt":"2025-07-21T17:19:16","slug":"radsport-team-auf-erfolgskurs","status":"publish","type":"post","link":"https:\/\/www.schulzentrum-stetten-akm.de\/ru\/radsport-team-auf-erfolgskurs\/","title":{"rendered":"Radsport-Team auf Erfolgskurs"},"content":{"rendered":"<p><\/p>\n\n\n\n<p><strong>Erfolgreich beim Landesfinale von \u201eJugend trainiert f\u00fcr Olympia &amp; Paralympics\u201c<\/strong><\/p>\n\n\n\n<p>Am Mittwoch, den 16. Juli 2025, nahmen 18 Lernpartnerinnen und Lernpartner unserer Schule am RB- und Landesfinale von&nbsp;<em>Jugend trainiert f\u00fcr Olympia &amp; Paralympics<\/em>&nbsp;in Bietigheim-Bissingen teil \u2013 einem der gr\u00f6\u00dften Schulsportevents Baden-W\u00fcrttembergs mit rund 3.200 Teilnehmenden aus dem ganzen Bundesland.<\/p>\n\n\n\n<p>In 20 Disziplinen \u2013 darunter Handball, Leichtathletik, Judo, Fechten, Rudern und Schwimmen sowie paralympische Wettbewerbe wie Rollstuhlbasketball und Para-Leichtathletik \u2013 zeigten die Jugendlichen beeindruckende Leistungen und echten Sportsgeist.<\/p>\n\n\n\n<p>Unsere Schule war mit f\u00fcnf motivierten Teams im Radsport vertreten. In verschiedenen Wettkampfklassen gingen die Teams beim Einzelzeitfahren und Rundstreckenrennen an den Start \u2013 Letzteres f\u00fchrte spektakul\u00e4r \u00fcber einen Pumptrack. Entlang der Strecke wurde lautstark angefeuert, und unsere Lernpartner bewiesen Ausdauer, technisches K\u00f6nnen und taktisches Geschick. Besonders stolz sind wir auf das Team der Wettkampfklasse III, das im RB-Finale einen gro\u00dfartigen dritten Platz belegte.<\/p>\n\n\n\n<p>Neben den sportlichen Herausforderungen stand das Miteinander im Mittelpunkt: Fairness, Teamgeist und eine mitrei\u00dfende Atmosph\u00e4re pr\u00e4gten den Tag. Ein besonderer H\u00f6hepunkt war die Abschlussveranstaltung in der Edge-Arena, bei der die Leistungen der jungen Athletinnen und Athleten mit Musik und Lichtshows geb\u00fchrend gefeiert wurden.<\/p>\n\n\n\n<p>Wir gratulieren allen Teilnehmenden zu ihrem starken Auftritt und freuen uns auf weitere Wettk\u00e4mpfe \u2013 vielleicht ja bald beim Bundesfinale in Berlin!<\/p>\n\n\n\n<figure class=\"wp-block-image size-full\"><img decoding=\"async\" src=\"https:\/\/www.schulzentrum-stetten-akm.de\/wp-content\/uploads\/2025\/07\/IMG_5767.heic\" alt=\"\" class=\"wp-image-8303\"\/><\/figure>","protected":false},"excerpt":{"rendered":"<p>Erfolgreich beim Landesfinale von \u201eJugend trainiert f\u00fcr Olympia &amp; Paralympics\u201c Am Mittwoch, den 16. Juli 2025, nahmen 18 Lernpartnerinnen und Lernpartner unserer Schule am RB- und Landesfinale von&nbsp;Jugend trainiert f\u00fcr &hellip; <\/p>","protected":false},"author":26,"featured_media":8305,"comment_status":"closed","ping_status":"closed","sticky":false,"template":"","format":"standard","meta":{"footnotes":""},"categories":[1,23],"tags":[],"class_list":["post-8300","post","type-post","status-publish","format-standard","has-post-thumbnail","hentry","category-allgemein","category-sport"],"_links":{"self":[{"href":"https:\/\/www.schulzentrum-stetten-akm.de\/ru\/wp-json\/wp\/v2\/posts\/8300","targetHints":{"allow":["GET"]}}],"collection":[{"href":"https:\/\/www.schulzentrum-stetten-akm.de\/ru\/wp-json\/wp\/v2\/posts"}],"about":[{"href":"https:\/\/www.schulzentrum-stetten-akm.de\/ru\/wp-json\/wp\/v2\/types\/post"}],"author":[{"embeddable":true,"href":"https:\/\/www.schulzentrum-stetten-akm.de\/ru\/wp-json\/wp\/v2\/users\/26"}],"replies":[{"embeddable":true,"href":"https:\/\/www.schulzentrum-stetten-akm.de\/ru\/wp-json\/wp\/v2\/comments?post=8300"}],"version-history":[{"count":2,"href":"https:\/\/www.schulzentrum-stetten-akm.de\/ru\/wp-json\/wp\/v2\/posts\/8300\/revisions"}],"predecessor-version":[{"id":8306,"href":"https:\/\/www.schulzentrum-stetten-akm.de\/ru\/wp-json\/wp\/v2\/posts\/8300\/revisions\/8306"}],"wp:featuredmedia":[{"embeddable":true,"href":"https:\/\/www.schulzentrum-stetten-akm.de\/ru\/wp-json\/wp\/v2\/media\/8305"}],"wp:attachment":[{"href":"https:\/\/www.schulzentrum-stetten-akm.de\/ru\/wp-json\/wp\/v2\/media?parent=8300"}],"wp:term":[{"taxonomy":"category","embeddable":true,"href":"https:\/\/www.schulzentrum-stetten-akm.de\/ru\/wp-json\/wp\/v2\/categories?post=8300"},{"taxonomy":"post_tag","embeddable":true,"href":"https:\/\/www.schulzentrum-stetten-akm.de\/ru\/wp-json\/wp\/v2\/tags?post=8300"}],"curies":[{"name":"wp","href":"https:\/\/api.w.org\/{rel}","templated":true}]}}