{"id":8140,"date":"2025-05-15T13:57:38","date_gmt":"2025-05-15T11:57:38","guid":{"rendered":"https:\/\/www.schulzentrum-stetten-akm.de\/?p=8140"},"modified":"2025-05-15T13:57:40","modified_gmt":"2025-05-15T11:57:40","slug":"berufsorientierung-live-erleben","status":"publish","type":"post","link":"https:\/\/www.schulzentrum-stetten-akm.de\/ru\/berufsorientierung-live-erleben\/","title":{"rendered":"Berufsorientierung live erleben"},"content":{"rendered":"<p><\/p>\n\n\n\n<p>Am Mittwoch, den 14. Mai 2025, hatten die Sch\u00fclerinnen und Sch\u00fcler der 9. Klassen die Gelegenheit, einen spannenden Einblick in die Welt von Groz-Beckert zu gewinnen. Im Rahmen einer Open-House-Veranstaltung besuchten sie das renommierte Unternehmen und konnten bei einer abwechslungsreichen Rallye vielf\u00e4ltige Eindr\u00fccke sammeln.<\/p>\n\n\n\n<p>Zu Beginn erhielten die Jugendlichen einen Laufzettel, der sie durch das Werk f\u00fchrte. An verschiedenen Stationen konnten sie jeweils ein Teil eines universellen Werkzeugs ergattern. Am Ende der Rallye entstand daraus ein praktisches Multitool, das mit einer Taschenlampe und einem eingravierten Namen personalisiert wurde \u2013 ein echtes Highlight f\u00fcr die jungen Besucherinnen und Besucher.<\/p>\n\n\n\n<p>W\u00e4hrend der Rallye erhielten die Sch\u00fclerinnen und Sch\u00fcler wertvolle Informationen \u00fcber die vielf\u00e4ltigen Ausbildungsberufe bei Groz-Beckert in den unterschiedlichen Unternehmensbereichen. So konnten sie sich ein umfassendes Bild von den Karrierem\u00f6glichkeiten in der Industrie machen.<\/p>\n\n\n\n<p>Nat\u00fcrlich war auch f\u00fcr das leibliche Wohl gesorgt: An mehreren Stationen gab es Brezeln, Getr\u00e4nke und sogar Eis, sodass die Teilnehmenden die Veranstaltung in entspannter Atmosph\u00e4re genie\u00dfen konnten.<\/p>\n\n\n\n<p>Begleitet wurde der Tag von Frau H\u00f6rger, Frau M\u00fcller und Frau Reinberger, die die Sch\u00fclerinnen und Sch\u00fcler engagiert unterst\u00fctzten und betreuten.<\/p>\n\n\n\n<p>Die Veranstaltung war f\u00fcr alle Beteiligten eine gelungene Gelegenheit, die Verbindung zwischen Schule und Berufswelt zu st\u00e4rken \u2013 und die Jugendlichen f\u00fcr eine Ausbildung bei Groz-Beckert zu begeistern. Wir danken dem Unternehmen herzlich f\u00fcr die Einladung und die spannende Erfahrung!<\/p>\n\n\n\n<p>Quelle: Jessica Reinberger<\/p>","protected":false},"excerpt":{"rendered":"<p>Am Mittwoch, den 14. Mai 2025, hatten die Sch\u00fclerinnen und Sch\u00fcler der 9. Klassen die Gelegenheit, einen spannenden Einblick in die Welt von Groz-Beckert zu gewinnen. Im Rahmen einer Open-House-Veranstaltung &hellip; <\/p>","protected":false},"author":26,"featured_media":8141,"comment_status":"closed","ping_status":"closed","sticky":false,"template":"","format":"standard","meta":{"footnotes":""},"categories":[44,1,21],"tags":[],"class_list":["post-8140","post","type-post","status-publish","format-standard","has-post-thumbnail","hentry","category-berufsorientierung","category-allgemein","category-exkursionen-und-lerngaenge"],"_links":{"self":[{"href":"https:\/\/www.schulzentrum-stetten-akm.de\/ru\/wp-json\/wp\/v2\/posts\/8140","targetHints":{"allow":["GET"]}}],"collection":[{"href":"https:\/\/www.schulzentrum-stetten-akm.de\/ru\/wp-json\/wp\/v2\/posts"}],"about":[{"href":"https:\/\/www.schulzentrum-stetten-akm.de\/ru\/wp-json\/wp\/v2\/types\/post"}],"author":[{"embeddable":true,"href":"https:\/\/www.schulzentrum-stetten-akm.de\/ru\/wp-json\/wp\/v2\/users\/26"}],"replies":[{"embeddable":true,"href":"https:\/\/www.schulzentrum-stetten-akm.de\/ru\/wp-json\/wp\/v2\/comments?post=8140"}],"version-history":[{"count":1,"href":"https:\/\/www.schulzentrum-stetten-akm.de\/ru\/wp-json\/wp\/v2\/posts\/8140\/revisions"}],"predecessor-version":[{"id":8142,"href":"https:\/\/www.schulzentrum-stetten-akm.de\/ru\/wp-json\/wp\/v2\/posts\/8140\/revisions\/8142"}],"wp:featuredmedia":[{"embeddable":true,"href":"https:\/\/www.schulzentrum-stetten-akm.de\/ru\/wp-json\/wp\/v2\/media\/8141"}],"wp:attachment":[{"href":"https:\/\/www.schulzentrum-stetten-akm.de\/ru\/wp-json\/wp\/v2\/media?parent=8140"}],"wp:term":[{"taxonomy":"category","embeddable":true,"href":"https:\/\/www.schulzentrum-stetten-akm.de\/ru\/wp-json\/wp\/v2\/categories?post=8140"},{"taxonomy":"post_tag","embeddable":true,"href":"https:\/\/www.schulzentrum-stetten-akm.de\/ru\/wp-json\/wp\/v2\/tags?post=8140"}],"curies":[{"name":"wp","href":"https:\/\/api.w.org\/{rel}","templated":true}]}}