{"id":8037,"date":"2025-04-04T13:37:33","date_gmt":"2025-04-04T11:37:33","guid":{"rendered":"https:\/\/www.schulzentrum-stetten-akm.de\/?p=8037"},"modified":"2025-04-07T13:05:40","modified_gmt":"2025-04-07T11:05:40","slug":"lerngruppen-5-1-und-5-3-erkunden-das-baeckerhandwerk","status":"publish","type":"post","link":"https:\/\/www.schulzentrum-stetten-akm.de\/ru\/lerngruppen-5-1-und-5-3-erkunden-das-baeckerhandwerk\/","title":{"rendered":"Frisch gebacken"},"content":{"rendered":"<p><\/p>\n\n\n\n<p><\/p>\n\n\n\n<p><\/p>\n\n\n\n<h5 class=\"wp-block-heading\">Lerngruppen 5.1 und 5.3 entdecken das B\u00e4ckerhandwerk<\/h5>\n\n\n\n<p>Am 3. April 2025 durften die Lerngruppen 5.1 und 5.3 einen spannenden Blick hinter die Kulissen des Backhaus Mahl in Stetten am kalten Markt werfen. Die Betriebsbesichtigung bot nicht nur faszinierende Einblicke in das traditionelle B\u00e4ckerhandwerk, sondern auch wertvolle Impulse f\u00fcr die sp\u00e4tere Berufsorientierung.<\/p>\n\n\n\n<p>Nach einer herzlichen Begr\u00fc\u00dfung erfuhren die Sch\u00fcler zun\u00e4chst Wissenswertes \u00fcber die Geschichte und die Arbeitsweise des Familienbetriebs. Anschlie\u00dfend ging es direkt in die Produktion, wo sie hautnah miterleben konnten, wie Brot, Br\u00f6tchen, Brezeln und weitere Backwaren t\u00e4glich frisch hergestellt werden. Besonders beeindruckend war der Besuch in der Konditorei, in der feine Kuchen und S\u00fc\u00dfwaren entstehen.<\/p>\n\n\n\n<p>Neben den verschiedenen Abl\u00e4ufen in der Backstube lernten die Kinder auch die vielf\u00e4ltigen Berufsbilder des B\u00e4ckerhandwerks kennen \u2013 von der B\u00e4ckerin und dem Konditor bis hin zur Fachverk\u00e4uferin im Lebensmittelhandwerk.<\/p>\n\n\n\n<p>Zum Abschluss der informativen und praxisnahen Betriebsbesichtigung gab es f\u00fcr alle eine k\u00f6stliche \u00dcberraschung: Jede Sch\u00fclerin und jeder Sch\u00fcler erhielt eine frisch gebackene Brezel \u2013 ein leckerer Abschluss eines lehrreichen Vormittags.<\/p>\n\n\n\n<p><\/p>\n\n\n\n<p><\/p>\n\n\n\n<p>Quelle: Sarah Birkhofer<\/p>","protected":false},"excerpt":{"rendered":"<p>Lerngruppen 5.1 und 5.3 entdecken das B\u00e4ckerhandwerk Am 3. April 2025 durften die Lerngruppen 5.1 und 5.3 einen spannenden Blick hinter die Kulissen des Backhaus Mahl in Stetten am kalten &hellip; <\/p>","protected":false},"author":26,"featured_media":8038,"comment_status":"closed","ping_status":"closed","sticky":false,"template":"","format":"standard","meta":{"footnotes":""},"categories":[44,1,21],"tags":[],"class_list":["post-8037","post","type-post","status-publish","format-standard","has-post-thumbnail","hentry","category-berufsorientierung","category-allgemein","category-exkursionen-und-lerngaenge"],"_links":{"self":[{"href":"https:\/\/www.schulzentrum-stetten-akm.de\/ru\/wp-json\/wp\/v2\/posts\/8037","targetHints":{"allow":["GET"]}}],"collection":[{"href":"https:\/\/www.schulzentrum-stetten-akm.de\/ru\/wp-json\/wp\/v2\/posts"}],"about":[{"href":"https:\/\/www.schulzentrum-stetten-akm.de\/ru\/wp-json\/wp\/v2\/types\/post"}],"author":[{"embeddable":true,"href":"https:\/\/www.schulzentrum-stetten-akm.de\/ru\/wp-json\/wp\/v2\/users\/26"}],"replies":[{"embeddable":true,"href":"https:\/\/www.schulzentrum-stetten-akm.de\/ru\/wp-json\/wp\/v2\/comments?post=8037"}],"version-history":[{"count":4,"href":"https:\/\/www.schulzentrum-stetten-akm.de\/ru\/wp-json\/wp\/v2\/posts\/8037\/revisions"}],"predecessor-version":[{"id":8046,"href":"https:\/\/www.schulzentrum-stetten-akm.de\/ru\/wp-json\/wp\/v2\/posts\/8037\/revisions\/8046"}],"wp:featuredmedia":[{"embeddable":true,"href":"https:\/\/www.schulzentrum-stetten-akm.de\/ru\/wp-json\/wp\/v2\/media\/8038"}],"wp:attachment":[{"href":"https:\/\/www.schulzentrum-stetten-akm.de\/ru\/wp-json\/wp\/v2\/media?parent=8037"}],"wp:term":[{"taxonomy":"category","embeddable":true,"href":"https:\/\/www.schulzentrum-stetten-akm.de\/ru\/wp-json\/wp\/v2\/categories?post=8037"},{"taxonomy":"post_tag","embeddable":true,"href":"https:\/\/www.schulzentrum-stetten-akm.de\/ru\/wp-json\/wp\/v2\/tags?post=8037"}],"curies":[{"name":"wp","href":"https:\/\/api.w.org\/{rel}","templated":true}]}}