{"id":7388,"date":"2024-09-20T12:55:25","date_gmt":"2024-09-20T10:55:25","guid":{"rendered":"https:\/\/www.schulzentrum-stetten-akm.de\/?p=7388"},"modified":"2024-12-16T19:56:55","modified_gmt":"2024-12-16T18:56:55","slug":"jobboerse-im-september-24","status":"publish","type":"post","link":"https:\/\/www.schulzentrum-stetten-akm.de\/ru\/jobboerse-im-september-24\/","title":{"rendered":"Erfolgreiche Jobb\u00f6rse 2024"},"content":{"rendered":"<p><\/p>\n\n\n\n<p>Am Donnerstag der zweiten Schulwoche fand die mittlerweile achte Jobb\u00f6rse des Wirtschaftsverbundes statt, die erneut von Herrn Oliver Neusch organisiert wurde. 24 namhafte Unternehmen aus der Region pr\u00e4sentierten ihre Ausbildungs- und Studienangebote und erm\u00f6glichten den Sch\u00fclern der Jahrgangsstufen 8 bis 10 einen intensiven Einblick in die Berufswelt.<\/p>\n\n\n\n<p>Im Vorfeld der Veranstaltung erhielten die Lernpartner von ihrer WBS-Lehrerin, Frau Jessica Reinberger, einen Arbeitsauftrag, der sie dazu anregte, die verschiedenen Messest\u00e4nde systematisch zu erkunden und erste Gespr\u00e4che mit den Unternehmen zu f\u00fchren. Die Sch\u00fcler hatten dabei nicht nur die M\u00f6glichkeit, sich \u00fcber Karrierewege zu informieren, sondern auch kleine Geschenke von den teilnehmenden Firmen zu erhalten.<\/p>\n\n\n\n<p>Besondere Highlights der Jobb\u00f6rse waren das Baggerfahren bei der Firma Stingel, das Drehrad von Backhaus Mahl, Dart-Werfen bei G\u00fchring, T-Shirts von der Volksbank sowie ein faszinierendes, virtuelles Erlebnis mit VR-Brillen beim Steuerberater. F\u00fcr einige Sch\u00fcler ergab sich sogar die Chance, sich f\u00fcr einen Praktikumsplatz oder Ausbildungsplatz zu bewerben.<\/p>\n\n\n\n<p>Die Sch\u00fcler waren begeistert von der Vielfalt der Angebote und den wertvollen Kontakten, die sie an diesem Tag kn\u00fcpfen konnten. Die Jobb\u00f6rse war somit ein voller Erfolg und hat den Jugendlichen wichtige Impulse f\u00fcr ihre berufliche Orientierung gegeben.<\/p>\n\n\n\n<figure class=\"wp-block-table\"><table><tbody><tr><td colspan=\"2\">Teilnehmer Jobb\u00f6rse 2024<\/td><td><\/td><\/tr><tr><td><\/td><td><\/td><td><\/td><\/tr><tr><td>1<\/td><td>L\u00f6ffler Hoch+Tiefbau Stetten a.k.M.<\/td><td>www.loefflerbau.de<\/td><\/tr><tr><td>2<\/td><td>Braun H\u00f6lzlebau Frohnstetten<\/td><td>www.hoelzlebau.de<\/td><\/tr><tr><td>3<\/td><td>Braun Physiotherapie Stetten a.k.M.<\/td><td>www.pt-braun.de<\/td><\/tr><tr><td>4<\/td><td>Backhaus Mahl Stetten a.k.M.<\/td><td>www.backhausmahl.de<\/td><\/tr><tr><td>5<\/td><td>Gemeindeverwaltung Stetten a.k.M.<\/td><td>www.stetten-akm.de<\/td><\/tr><tr><td>6<\/td><td>Sparkasse Pfullendorf-Me\u00dfkirch<\/td><td>www.sparkasse-pm.de<\/td><\/tr><tr><td>7<\/td><td>Volksbank Albstadt<\/td><td>www.volksbank-albstadt.de<\/td><\/tr><tr><td>8<\/td><td>Bundeswehr-Dienstleistungszentrum Stetten a.k.M.<\/td><td>www.bundeswehr.de<\/td><\/tr><tr><td>9<\/td><td>Bundeswehr Karrierecenter<\/td><td>www.bundeswehr.de<\/td><\/tr><tr><td>10<\/td><td>Stingel Stra\u00dfenbau Schwenningen<\/td><td>www.stingel.com<\/td><\/tr><tr><td>11<\/td><td>Beiter Formenbau GmbH Sigmaringendorf<\/td><td>www.beiter.de<\/td><\/tr><tr><td>12<\/td><td>Sauter Drehteile B\u00e4renthal<\/td><td>www.sauter-cnc.de<\/td><\/tr><tr><td>13<\/td><td>G\u00fchring KG Sigmaringen<\/td><td>www.guehring.com<\/td><\/tr><tr><td>14<\/td><td>Kindergarten St.Felix Frohnstetten<\/td><td>www.kindergarten-frohnstetten.de<\/td><\/tr><tr><td>15<\/td><td>Kindergarten Arche Noah Stetten a.k.M.<\/td><td>www.archenoah-stetten.de<\/td><\/tr><tr><td>16<\/td><td>Kindertagesst\u00e4tte Regenbogen Stetten a.k.M.<\/td><td>www.ev-kita-stettenakm.de<\/td><\/tr><tr><td>17<\/td><td>Kovacic Ingenieurb\u00fcro GmbH, Sigmaringen<\/td><td>www.kovacic.de<\/td><\/tr><tr><td>18<\/td><td>Polizei Baden-W\u00fcrttemberg<\/td><td>www.polizei-der-beruf.de<\/td><\/tr><tr><td>19<\/td><td>Landratsamt Sigmaringen<\/td><td>www.landkreis-sigmaringen.de<\/td><\/tr><tr><td>20<\/td><td>Vinzenz von Paul GmbH, Soziale Dienste und Einrichtungen Sigmaringen<\/td><td>www.vinzenz-von-paul.de<\/td><\/tr><tr><td>21<\/td><td>Kirchliche Sozialstationen Dekanat Sigmaringen-Me\u00dfkirch<\/td><td>www.caritas-pflegenetz.de<\/td><\/tr><tr><td>22<\/td><td>Finanzamt Sigmaringen<\/td><td>www.finanzamt-bw.fv-bwl.de\/fa_sigmaringen<\/td><\/tr><tr><td>23<\/td><td>Agentur f\u00fcr Arbeit Balingen<\/td><td>www.arbeitsagentur.de<\/td><\/tr><tr><td>24<\/td><td>Pflegeservice Stetten a.k.M. Viertel-4<\/td><td>www.viertel-4.de<\/td><\/tr><\/tbody><\/table><\/figure>\n\n\n\n<figure class=\"wp-block-image size-full\"><img loading=\"lazy\" decoding=\"async\" width=\"1020\" height=\"765\" src=\"https:\/\/www.schulzentrum-stetten-akm.de\/wp-content\/uploads\/2024\/09\/IMG_0151.jpeg\" alt=\"\" class=\"wp-image-7395\" srcset=\"https:\/\/www.schulzentrum-stetten-akm.de\/wp-content\/uploads\/2024\/09\/IMG_0151.jpeg 1020w, https:\/\/www.schulzentrum-stetten-akm.de\/wp-content\/uploads\/2024\/09\/IMG_0151-300x225.jpeg 300w, https:\/\/www.schulzentrum-stetten-akm.de\/wp-content\/uploads\/2024\/09\/IMG_0151-768x576.jpeg 768w, https:\/\/www.schulzentrum-stetten-akm.de\/wp-content\/uploads\/2024\/09\/IMG_0151-16x12.jpeg 16w\" sizes=\"auto, (max-width: 1020px) 100vw, 1020px\" \/><\/figure>\n\n\n\n<figure class=\"wp-block-image\"><img decoding=\"async\" src=\"blob:https:\/\/www.schulzentrum-stetten-akm.de\/bb54cea1-de61-4dd8-9ead-b99c7871ac38\" alt=\"\"\/><\/figure>\n\n\n\n<figure class=\"wp-block-image size-full\"><img loading=\"lazy\" decoding=\"async\" width=\"1000\" height=\"750\" src=\"https:\/\/www.schulzentrum-stetten-akm.de\/wp-content\/uploads\/2024\/09\/IMG_0150.jpeg\" alt=\"\" class=\"wp-image-7396\" srcset=\"https:\/\/www.schulzentrum-stetten-akm.de\/wp-content\/uploads\/2024\/09\/IMG_0150.jpeg 1000w, https:\/\/www.schulzentrum-stetten-akm.de\/wp-content\/uploads\/2024\/09\/IMG_0150-300x225.jpeg 300w, https:\/\/www.schulzentrum-stetten-akm.de\/wp-content\/uploads\/2024\/09\/IMG_0150-768x576.jpeg 768w, https:\/\/www.schulzentrum-stetten-akm.de\/wp-content\/uploads\/2024\/09\/IMG_0150-16x12.jpeg 16w\" sizes=\"auto, (max-width: 1000px) 100vw, 1000px\" \/><\/figure>\n\n\n\n<p><em>Quelle: Bilder und Text von Jessica Reinberger<\/em><\/p>","protected":false},"excerpt":{"rendered":"<p>Am Donnerstag der zweiten Schulwoche fand die mittlerweile achte Jobb\u00f6rse des Wirtschaftsverbundes statt, die erneut von Herrn Oliver Neusch organisiert wurde. 24 namhafte Unternehmen aus der Region pr\u00e4sentierten ihre Ausbildungs- &hellip; <\/p>","protected":false},"author":26,"featured_media":7386,"comment_status":"closed","ping_status":"closed","sticky":false,"template":"","format":"standard","meta":{"footnotes":""},"categories":[44,1,20],"tags":[],"class_list":["post-7388","post","type-post","status-publish","format-standard","has-post-thumbnail","hentry","category-berufsorientierung","category-allgemein","category-veranstaltungen"],"_links":{"self":[{"href":"https:\/\/www.schulzentrum-stetten-akm.de\/ru\/wp-json\/wp\/v2\/posts\/7388","targetHints":{"allow":["GET"]}}],"collection":[{"href":"https:\/\/www.schulzentrum-stetten-akm.de\/ru\/wp-json\/wp\/v2\/posts"}],"about":[{"href":"https:\/\/www.schulzentrum-stetten-akm.de\/ru\/wp-json\/wp\/v2\/types\/post"}],"author":[{"embeddable":true,"href":"https:\/\/www.schulzentrum-stetten-akm.de\/ru\/wp-json\/wp\/v2\/users\/26"}],"replies":[{"embeddable":true,"href":"https:\/\/www.schulzentrum-stetten-akm.de\/ru\/wp-json\/wp\/v2\/comments?post=7388"}],"version-history":[{"count":11,"href":"https:\/\/www.schulzentrum-stetten-akm.de\/ru\/wp-json\/wp\/v2\/posts\/7388\/revisions"}],"predecessor-version":[{"id":7724,"href":"https:\/\/www.schulzentrum-stetten-akm.de\/ru\/wp-json\/wp\/v2\/posts\/7388\/revisions\/7724"}],"wp:featuredmedia":[{"embeddable":true,"href":"https:\/\/www.schulzentrum-stetten-akm.de\/ru\/wp-json\/wp\/v2\/media\/7386"}],"wp:attachment":[{"href":"https:\/\/www.schulzentrum-stetten-akm.de\/ru\/wp-json\/wp\/v2\/media?parent=7388"}],"wp:term":[{"taxonomy":"category","embeddable":true,"href":"https:\/\/www.schulzentrum-stetten-akm.de\/ru\/wp-json\/wp\/v2\/categories?post=7388"},{"taxonomy":"post_tag","embeddable":true,"href":"https:\/\/www.schulzentrum-stetten-akm.de\/ru\/wp-json\/wp\/v2\/tags?post=7388"}],"curies":[{"name":"wp","href":"https:\/\/api.w.org\/{rel}","templated":true}]}}