{"id":7173,"date":"2024-08-09T11:05:48","date_gmt":"2024-08-09T09:05:48","guid":{"rendered":"https:\/\/www.schulzentrum-stetten-akm.de\/?p=7173"},"modified":"2024-08-09T11:05:50","modified_gmt":"2024-08-09T09:05:50","slug":"medienspenden-fuer-den-buecherflohmarkt-am-schulfest","status":"publish","type":"post","link":"https:\/\/www.schulzentrum-stetten-akm.de\/ru\/medienspenden-fuer-den-buecherflohmarkt-am-schulfest\/","title":{"rendered":"Medienspenden f\u00fcr den B\u00fccherflohmarkt am Schulfest"},"content":{"rendered":"<p>Das Schulzentrum Stetten sagt ein herzliches Dankesch\u00f6n f\u00fcr die unerwartet zahlreichen und hochwertigen Medienspenden f\u00fcr unseren B\u00fccherflohmarkt am Schulfest! Etwa 45 B\u00fccher davon konnten direkt in den Bestand der Sch\u00fclerbibliothek des Schulzentrums \u00fcbernommen werden. Von dem Erl\u00f6s aus dem Verkauf am Schulfest k\u00f6nnen noch etwa 20 weitere aktuelle und beliebte B\u00fccher f\u00fcr die Ausleihe angeschafft werden.<\/p>","protected":false},"excerpt":{"rendered":"<p>Das Schulzentrum Stetten sagt ein herzliches Dankesch\u00f6n f\u00fcr die unerwartet zahlreichen und hochwertigen Medienspenden f\u00fcr unseren B\u00fccherflohmarkt am Schulfest! Etwa 45 B\u00fccher davon konnten direkt in den Bestand der Sch\u00fclerbibliothek &hellip; <\/p>","protected":false},"author":1,"featured_media":7174,"comment_status":"closed","ping_status":"closed","sticky":false,"template":"","format":"standard","meta":{"footnotes":""},"categories":[20],"tags":[],"class_list":["post-7173","post","type-post","status-publish","format-standard","has-post-thumbnail","hentry","category-veranstaltungen"],"_links":{"self":[{"href":"https:\/\/www.schulzentrum-stetten-akm.de\/ru\/wp-json\/wp\/v2\/posts\/7173","targetHints":{"allow":["GET"]}}],"collection":[{"href":"https:\/\/www.schulzentrum-stetten-akm.de\/ru\/wp-json\/wp\/v2\/posts"}],"about":[{"href":"https:\/\/www.schulzentrum-stetten-akm.de\/ru\/wp-json\/wp\/v2\/types\/post"}],"author":[{"embeddable":true,"href":"https:\/\/www.schulzentrum-stetten-akm.de\/ru\/wp-json\/wp\/v2\/users\/1"}],"replies":[{"embeddable":true,"href":"https:\/\/www.schulzentrum-stetten-akm.de\/ru\/wp-json\/wp\/v2\/comments?post=7173"}],"version-history":[{"count":1,"href":"https:\/\/www.schulzentrum-stetten-akm.de\/ru\/wp-json\/wp\/v2\/posts\/7173\/revisions"}],"predecessor-version":[{"id":7175,"href":"https:\/\/www.schulzentrum-stetten-akm.de\/ru\/wp-json\/wp\/v2\/posts\/7173\/revisions\/7175"}],"wp:featuredmedia":[{"embeddable":true,"href":"https:\/\/www.schulzentrum-stetten-akm.de\/ru\/wp-json\/wp\/v2\/media\/7174"}],"wp:attachment":[{"href":"https:\/\/www.schulzentrum-stetten-akm.de\/ru\/wp-json\/wp\/v2\/media?parent=7173"}],"wp:term":[{"taxonomy":"category","embeddable":true,"href":"https:\/\/www.schulzentrum-stetten-akm.de\/ru\/wp-json\/wp\/v2\/categories?post=7173"},{"taxonomy":"post_tag","embeddable":true,"href":"https:\/\/www.schulzentrum-stetten-akm.de\/ru\/wp-json\/wp\/v2\/tags?post=7173"}],"curies":[{"name":"wp","href":"https:\/\/api.w.org\/{rel}","templated":true}]}}