{"id":6973,"date":"2024-07-05T22:15:48","date_gmt":"2024-07-05T20:15:48","guid":{"rendered":"https:\/\/www.schulzentrum-stetten-akm.de\/?p=6973"},"modified":"2024-07-08T10:08:25","modified_gmt":"2024-07-08T08:08:25","slug":"im-wackelwald-auf-erkundungstour","status":"publish","type":"post","link":"https:\/\/www.schulzentrum-stetten-akm.de\/ru\/im-wackelwald-auf-erkundungstour\/","title":{"rendered":"Im Wackelwald auf Erkundungstour"},"content":{"rendered":"<p>Die Klassen 3a und 3b haben zusammen mit ihren Klassenlehrerinnen Annika L\u00f6ffler, Franziska Ritter, der Referendarin Julia Duczmal und FSJler Moritz Gess vergangenen Dienstag gleich zwei besondere Orte der Region besucht. Zun\u00e4chst konnten sie in Bad Kanzach auf der Bachritterburg f\u00fcr eine gute Stunde in das Leben vergangener Zeiten eintauchen. Die nachgebauten R\u00e4ume aus dem Mittelalter durften mit F\u00fchrung erkundet und begutachtet werden. Anschlie\u00dfend hatten alle eine Menge Spa\u00df beim Bogenschie\u00dfen: &#8222;Das war definitiv ihr Highlight&#8220;, lacht Klassenlehrerin Annika L\u00f6ffler.<\/p>\n\n\n\n<figure class=\"wp-block-image size-large is-resized\"><img loading=\"lazy\" decoding=\"async\" width=\"1024\" height=\"798\" src=\"https:\/\/www.schulzentrum-stetten-akm.de\/wp-content\/uploads\/2024\/07\/Ausflug-Bild-2-1024x798.jpg\" alt=\"\" class=\"wp-image-6975\" style=\"width:949px;height:auto\" srcset=\"https:\/\/www.schulzentrum-stetten-akm.de\/wp-content\/uploads\/2024\/07\/Ausflug-Bild-2-1024x798.jpg 1024w, https:\/\/www.schulzentrum-stetten-akm.de\/wp-content\/uploads\/2024\/07\/Ausflug-Bild-2-300x234.jpg 300w, https:\/\/www.schulzentrum-stetten-akm.de\/wp-content\/uploads\/2024\/07\/Ausflug-Bild-2-768x598.jpg 768w, https:\/\/www.schulzentrum-stetten-akm.de\/wp-content\/uploads\/2024\/07\/Ausflug-Bild-2-1536x1196.jpg 1536w, https:\/\/www.schulzentrum-stetten-akm.de\/wp-content\/uploads\/2024\/07\/Ausflug-Bild-2-15x12.jpg 15w, https:\/\/www.schulzentrum-stetten-akm.de\/wp-content\/uploads\/2024\/07\/Ausflug-Bild-2.jpg 1791w\" sizes=\"auto, (max-width: 1024px) 100vw, 1024px\" \/><figcaption class=\"wp-element-caption\">Nicht so ganz geheuer: Die Drittkl\u00e4ssler gehen den Burgr\u00e4umen auf den Grund.<\/figcaption><\/figure>\n\n\n\n<p>Anschlie\u00dfend ging es zum Naturschutzzentrum Federsee in Bad Buchau, wo die beiden Klassen einen abwechslungsreichen Vortrag \u00fcber Flederm\u00e4use h\u00f6rten. Wie die Tiere ihre Beute fangen, konnten sie anschlie\u00dfend selbst im Wackelwald nachstellen, der ein einzigartiges Naturerlebnis bietet. Durch die Aufforstung eines Eisweihers mit Fichten und seine Verlandung und Vermoosung federt der Boden bei jedem Schritt. Neben dieser ungew\u00f6hnlichen Erfahrung kann man an Mitmach-Sationen etwas \u00fcber Flora und Fauna lernen und den Wald aktiv mit allen Sinnen ersp\u00fcren.<\/p>\n\n\n\n<p><\/p>","protected":false},"excerpt":{"rendered":"<p>Die Klassen 3a und 3b haben zusammen mit ihren Klassenlehrerinnen Annika L\u00f6ffler, Franziska Ritter, der Referendarin Julia Duczmal und FSJler Moritz Gess vergangenen Dienstag gleich zwei besondere Orte der Region &hellip; <\/p>","protected":false},"author":1,"featured_media":6974,"comment_status":"closed","ping_status":"closed","sticky":false,"template":"","format":"standard","meta":{"footnotes":""},"categories":[21],"tags":[],"class_list":["post-6973","post","type-post","status-publish","format-standard","has-post-thumbnail","hentry","category-exkursionen-und-lerngaenge"],"_links":{"self":[{"href":"https:\/\/www.schulzentrum-stetten-akm.de\/ru\/wp-json\/wp\/v2\/posts\/6973","targetHints":{"allow":["GET"]}}],"collection":[{"href":"https:\/\/www.schulzentrum-stetten-akm.de\/ru\/wp-json\/wp\/v2\/posts"}],"about":[{"href":"https:\/\/www.schulzentrum-stetten-akm.de\/ru\/wp-json\/wp\/v2\/types\/post"}],"author":[{"embeddable":true,"href":"https:\/\/www.schulzentrum-stetten-akm.de\/ru\/wp-json\/wp\/v2\/users\/1"}],"replies":[{"embeddable":true,"href":"https:\/\/www.schulzentrum-stetten-akm.de\/ru\/wp-json\/wp\/v2\/comments?post=6973"}],"version-history":[{"count":5,"href":"https:\/\/www.schulzentrum-stetten-akm.de\/ru\/wp-json\/wp\/v2\/posts\/6973\/revisions"}],"predecessor-version":[{"id":6981,"href":"https:\/\/www.schulzentrum-stetten-akm.de\/ru\/wp-json\/wp\/v2\/posts\/6973\/revisions\/6981"}],"wp:featuredmedia":[{"embeddable":true,"href":"https:\/\/www.schulzentrum-stetten-akm.de\/ru\/wp-json\/wp\/v2\/media\/6974"}],"wp:attachment":[{"href":"https:\/\/www.schulzentrum-stetten-akm.de\/ru\/wp-json\/wp\/v2\/media?parent=6973"}],"wp:term":[{"taxonomy":"category","embeddable":true,"href":"https:\/\/www.schulzentrum-stetten-akm.de\/ru\/wp-json\/wp\/v2\/categories?post=6973"},{"taxonomy":"post_tag","embeddable":true,"href":"https:\/\/www.schulzentrum-stetten-akm.de\/ru\/wp-json\/wp\/v2\/tags?post=6973"}],"curies":[{"name":"wp","href":"https:\/\/api.w.org\/{rel}","templated":true}]}}