{"id":6774,"date":"2024-03-26T18:05:36","date_gmt":"2024-03-26T17:05:36","guid":{"rendered":"https:\/\/www.schulzentrum-stetten-akm.de\/?p=6774"},"modified":"2024-03-26T18:05:38","modified_gmt":"2024-03-26T17:05:38","slug":"kostprobe-im-backhaus-mahl","status":"publish","type":"post","link":"https:\/\/www.schulzentrum-stetten-akm.de\/ru\/kostprobe-im-backhaus-mahl\/","title":{"rendered":"Kostprobe im Backhaus Mahl"},"content":{"rendered":"<p>Die Lerngruppe 8 hat am 20.03. im Rahmen des Faches AES mit Referendarin Katja Unterstenh\u00f6fer einen Lerngang in die Backstube Mahl in Stetten a.k.M. unternommen. Besichtigt wurde die B\u00e4ckerei, Konditorei und die Feinb\u00e4ckerei. Die Lernpartner*innen durften selbst Brezeln und Laugenknoten herstellen, die im Anschluss gebacken und an alle verteilt wurden.<\/p>","protected":false},"excerpt":{"rendered":"<p>Die Lerngruppe 8 hat am 20.03. im Rahmen des Faches AES mit Referendarin Katja Unterstenh\u00f6fer einen Lerngang in die Backstube Mahl in Stetten a.k.M. unternommen. Besichtigt wurde die B\u00e4ckerei, Konditorei &hellip; <\/p>","protected":false},"author":1,"featured_media":6775,"comment_status":"closed","ping_status":"closed","sticky":false,"template":"","format":"standard","meta":{"footnotes":""},"categories":[21],"tags":[],"class_list":["post-6774","post","type-post","status-publish","format-standard","has-post-thumbnail","hentry","category-exkursionen-und-lerngaenge"],"_links":{"self":[{"href":"https:\/\/www.schulzentrum-stetten-akm.de\/ru\/wp-json\/wp\/v2\/posts\/6774","targetHints":{"allow":["GET"]}}],"collection":[{"href":"https:\/\/www.schulzentrum-stetten-akm.de\/ru\/wp-json\/wp\/v2\/posts"}],"about":[{"href":"https:\/\/www.schulzentrum-stetten-akm.de\/ru\/wp-json\/wp\/v2\/types\/post"}],"author":[{"embeddable":true,"href":"https:\/\/www.schulzentrum-stetten-akm.de\/ru\/wp-json\/wp\/v2\/users\/1"}],"replies":[{"embeddable":true,"href":"https:\/\/www.schulzentrum-stetten-akm.de\/ru\/wp-json\/wp\/v2\/comments?post=6774"}],"version-history":[{"count":1,"href":"https:\/\/www.schulzentrum-stetten-akm.de\/ru\/wp-json\/wp\/v2\/posts\/6774\/revisions"}],"predecessor-version":[{"id":6776,"href":"https:\/\/www.schulzentrum-stetten-akm.de\/ru\/wp-json\/wp\/v2\/posts\/6774\/revisions\/6776"}],"wp:featuredmedia":[{"embeddable":true,"href":"https:\/\/www.schulzentrum-stetten-akm.de\/ru\/wp-json\/wp\/v2\/media\/6775"}],"wp:attachment":[{"href":"https:\/\/www.schulzentrum-stetten-akm.de\/ru\/wp-json\/wp\/v2\/media?parent=6774"}],"wp:term":[{"taxonomy":"category","embeddable":true,"href":"https:\/\/www.schulzentrum-stetten-akm.de\/ru\/wp-json\/wp\/v2\/categories?post=6774"},{"taxonomy":"post_tag","embeddable":true,"href":"https:\/\/www.schulzentrum-stetten-akm.de\/ru\/wp-json\/wp\/v2\/tags?post=6774"}],"curies":[{"name":"wp","href":"https:\/\/api.w.org\/{rel}","templated":true}]}}