{"id":5675,"date":"2022-12-06T11:44:52","date_gmt":"2022-12-06T10:44:52","guid":{"rendered":"https:\/\/www.schulzentrum-stetten-akm.de\/?p=5675"},"modified":"2022-12-06T12:00:09","modified_gmt":"2022-12-06T11:00:09","slug":"sinds-gute-kind-2","status":"publish","type":"post","link":"https:\/\/www.schulzentrum-stetten-akm.de\/ru\/sinds-gute-kind-2\/","title":{"rendered":"\u0425\u043e\u0440\u043e\u0448\u0438\u0435 \u043b\u0438 \u043e\u043d\u0438 \u0434\u0435\u0442\u0438...?"},"content":{"rendered":"<p>Bei den Erstkl\u00e4sslern herrscht erwartungsvolle Stille, als der Nikolaus mit seinem Gefolge durch die Klassenzimmert\u00fcr tritt, manch einem ist erst mal nicht so ganz wohl&#8230;aber der Nikolaus verteilt viel Lob f\u00fcr ordentlich gemachte Aufgaben, ruhige Lernatmosph\u00e4re und dass man sich untereinander selbstverst\u00e4ndlich hilft. Daf\u00fcr gibt es Mandarinen und eine kleine Geschenkt\u00fcte von den Engeln, und da das Schulzentrum nur gute Kind vorzuweisen hat, ist Knecht Ruprecht ein wenig entt\u00e4uscht, keinen B\u00f6sewicht in seinen Sack stecken zu k\u00f6nnen&#8230;<\/p>\n\n\n\n<p>Wir danken f\u00fcr den diesj\u00e4hrigen Besuch bei den Grundsch\u00fclern den ehrw\u00fcrdigen Nikol\u00e4usen Jonas Jacob und Ben Graf, den liebreizenden Engelchen Thessa Oswald, Lisa-Marie Kunstmann, Lorena Buhl und Christina Sieber und den furchterregenden Knechten Matty Wetterer und Nils B\u00fccheler sowie den blitzschnellen Rentieren Gr\u00e4fin Am\u00e9lie Bernadotte und Marcel Niester!<\/p>\n\n\n\n<figure class=\"wp-block-image size-large\"><img loading=\"lazy\" decoding=\"async\" width=\"1024\" height=\"823\" src=\"https:\/\/www.schulzentrum-stetten-akm.de\/wp-content\/uploads\/2022\/12\/Nikolaus-Aktion-2-1024x823.jpeg\" alt=\"\" class=\"wp-image-5677\" srcset=\"https:\/\/www.schulzentrum-stetten-akm.de\/wp-content\/uploads\/2022\/12\/Nikolaus-Aktion-2-1024x823.jpeg 1024w, https:\/\/www.schulzentrum-stetten-akm.de\/wp-content\/uploads\/2022\/12\/Nikolaus-Aktion-2-300x241.jpeg 300w, https:\/\/www.schulzentrum-stetten-akm.de\/wp-content\/uploads\/2022\/12\/Nikolaus-Aktion-2-768x617.jpeg 768w, https:\/\/www.schulzentrum-stetten-akm.de\/wp-content\/uploads\/2022\/12\/Nikolaus-Aktion-2-1536x1234.jpeg 1536w, https:\/\/www.schulzentrum-stetten-akm.de\/wp-content\/uploads\/2022\/12\/Nikolaus-Aktion-2-scaled.jpeg 2048w, https:\/\/www.schulzentrum-stetten-akm.de\/wp-content\/uploads\/2022\/12\/Nikolaus-Aktion-2-15x12.jpeg 15w\" sizes=\"auto, (max-width: 1024px) 100vw, 1024px\" \/><\/figure>","protected":false},"excerpt":{"rendered":"<p>\u041a\u043e\u0433\u0434\u0430 \u0432 \u0434\u0432\u0435\u0440\u044c \u043a\u043b\u0430\u0441\u0441\u0430 \u0432\u0445\u043e\u0434\u0438\u0442 \u0421\u0432\u044f\u0442\u043e\u0439 \u041d\u0438\u043a\u043e\u043b\u0430\u0439 \u0441\u043e \u0441\u0432\u043e\u0435\u0439 \u0441\u0432\u0438\u0442\u043e\u0439, \u0441\u0440\u0435\u0434\u0438 \u043f\u0435\u0440\u0432\u043e\u043a\u043b\u0430\u0441\u0441\u043d\u0438\u043a\u043e\u0432 \u0432\u043e\u0446\u0430\u0440\u044f\u0435\u0442\u0441\u044f \u043e\u0436\u0438\u0434\u0430\u0435\u043c\u0430\u044f \u0442\u0438\u0448\u0438\u043d\u0430, \u043d\u0435\u043a\u043e\u0442\u043e\u0440\u044b\u0435 \u0438\u0437 \u043d\u0438\u0445 \u043f\u043e\u043d\u0430\u0447\u0430\u043b\u0443 \u0447\u0443\u0432\u0441\u0442\u0432\u0443\u044e\u0442 \u0441\u0435\u0431\u044f \u043d\u0435 \u0441\u043e\u0432\u0441\u0435\u043c \u0443\u044e\u0442\u043d\u043e... \u043d\u043e \u0421\u0432\u044f\u0442\u043e\u0439 \u041d\u0438\u043a\u043e\u043b\u0430\u0439 \u0440\u0430\u0437\u0434\u0430\u0435\u0442 \u043c\u043d\u043e\u0433\u043e \u043f\u043e\u0445\u0432\u0430\u043b... <\/p>","protected":false},"author":1,"featured_media":5676,"comment_status":"closed","ping_status":"closed","sticky":false,"template":"","format":"standard","meta":{"footnotes":""},"categories":[20],"tags":[],"class_list":["post-5675","post","type-post","status-publish","format-standard","has-post-thumbnail","hentry","category-veranstaltungen"],"_links":{"self":[{"href":"https:\/\/www.schulzentrum-stetten-akm.de\/ru\/wp-json\/wp\/v2\/posts\/5675","targetHints":{"allow":["GET"]}}],"collection":[{"href":"https:\/\/www.schulzentrum-stetten-akm.de\/ru\/wp-json\/wp\/v2\/posts"}],"about":[{"href":"https:\/\/www.schulzentrum-stetten-akm.de\/ru\/wp-json\/wp\/v2\/types\/post"}],"author":[{"embeddable":true,"href":"https:\/\/www.schulzentrum-stetten-akm.de\/ru\/wp-json\/wp\/v2\/users\/1"}],"replies":[{"embeddable":true,"href":"https:\/\/www.schulzentrum-stetten-akm.de\/ru\/wp-json\/wp\/v2\/comments?post=5675"}],"version-history":[{"count":2,"href":"https:\/\/www.schulzentrum-stetten-akm.de\/ru\/wp-json\/wp\/v2\/posts\/5675\/revisions"}],"predecessor-version":[{"id":5679,"href":"https:\/\/www.schulzentrum-stetten-akm.de\/ru\/wp-json\/wp\/v2\/posts\/5675\/revisions\/5679"}],"wp:featuredmedia":[{"embeddable":true,"href":"https:\/\/www.schulzentrum-stetten-akm.de\/ru\/wp-json\/wp\/v2\/media\/5676"}],"wp:attachment":[{"href":"https:\/\/www.schulzentrum-stetten-akm.de\/ru\/wp-json\/wp\/v2\/media?parent=5675"}],"wp:term":[{"taxonomy":"category","embeddable":true,"href":"https:\/\/www.schulzentrum-stetten-akm.de\/ru\/wp-json\/wp\/v2\/categories?post=5675"},{"taxonomy":"post_tag","embeddable":true,"href":"https:\/\/www.schulzentrum-stetten-akm.de\/ru\/wp-json\/wp\/v2\/tags?post=5675"}],"curies":[{"name":"wp","href":"https:\/\/api.w.org\/{rel}","templated":true}]}}