{"id":932,"date":"2019-12-17T10:46:21","date_gmt":"2019-12-17T09:46:21","guid":{"rendered":"https:\/\/www.schulzentrum-stetten-akm.de\/?p=932"},"modified":"2024-07-08T07:47:35","modified_gmt":"2024-07-08T05:47:35","slug":"din-padure-vin-aici","status":"publish","type":"post","link":"https:\/\/www.schulzentrum-stetten-akm.de\/ro\/din-padure-vin-aici\/","title":{"rendered":"\"Din p\u0103dure vin...\""},"content":{"rendered":"<div class=\"wp-block-media-text alignwide\"><figure class=\"wp-block-media-text__media\"><img loading=\"lazy\" decoding=\"async\" width=\"768\" height=\"1024\" src=\"https:\/\/www.schulzentrum-stetten-akm.de\/wp-content\/uploads\/2019\/12\/Nikolaus1-768x1024.jpg\" alt=\"\" class=\"wp-image-933\" srcset=\"https:\/\/www.schulzentrum-stetten-akm.de\/wp-content\/uploads\/2019\/12\/Nikolaus1-768x1024.jpg 768w, https:\/\/www.schulzentrum-stetten-akm.de\/wp-content\/uploads\/2019\/12\/Nikolaus1-225x300.jpg 225w, https:\/\/www.schulzentrum-stetten-akm.de\/wp-content\/uploads\/2019\/12\/Nikolaus1-1152x1536.jpg 1152w, https:\/\/www.schulzentrum-stetten-akm.de\/wp-content\/uploads\/2019\/12\/Nikolaus1-scaled.jpg 1536w\" sizes=\"auto, (max-width: 768px) 100vw, 768px\" \/><\/figure><div class=\"wp-block-media-text__content\">\n<p class=\"has-medium-font-size\">... cu aceste cuvinte Sf\u00e2ntul Nicolae i-a salutat pe elevii din ciclul primar al centrului \u0219colar pe 6 decembrie. Nu a venit singur, desigur, ci i-a avut al\u0103turi pe \u00eengerii s\u0103i, pe Knecht Ruprecht \u0219i chiar un ren! Dup\u0103 ce copiii l-au \u00eent\u00e2mpinat cu un c\u00e2ntec, Sf\u00e2ntul Nicolae a f\u0103cut un bilan\u021b: elevii au fost harnici, dar uneori \u0219i pu\u021bin obraznici. I-a \u00eendemnat s\u0103 fie cura\u021bi \u00een cl\u0103direa \u0219colii \u0219i s\u0103-i respecte pe to\u021bi semenii. Dar cum comportamentul a fost \u00een general satisf\u0103c\u0103tor, Sf\u00e2ntul Nicolae \u0219i ajutoarele sale i-au r\u0103spl\u0103tit pe to\u021bi copiii cu mandarine \u0219i ciocolat\u0103. La r\u00e2ndul lor, copiii i-au mul\u021bumit cu poezii \u0219i c\u00e2ntece \u00eenainte ca Mo\u0219ul s\u0103 plece. Ne vedem anul viitor!<\/p>\n<\/div><\/div>","protected":false},"excerpt":{"rendered":"<p>... cu aceste cuvinte Sf\u00e2ntul Nicolae i-a salutat pe elevii din ciclul primar al centrului \u0219colar pe 6 decembrie. Bine\u00een\u021beles, nu a venit singur, ci i-a avut al\u0103turi pe \u00eengerii s\u0103i, pe Knecht Ruprecht \u0219i chiar un ren! ... <\/p>","protected":false},"author":1,"featured_media":879,"comment_status":"closed","ping_status":"closed","sticky":false,"template":"","format":"standard","meta":{"footnotes":""},"categories":[22],"tags":[],"class_list":["post-932","post","type-post","status-publish","format-standard","has-post-thumbnail","hentry","category-schulalltag"],"_links":{"self":[{"href":"https:\/\/www.schulzentrum-stetten-akm.de\/ro\/wp-json\/wp\/v2\/posts\/932","targetHints":{"allow":["GET"]}}],"collection":[{"href":"https:\/\/www.schulzentrum-stetten-akm.de\/ro\/wp-json\/wp\/v2\/posts"}],"about":[{"href":"https:\/\/www.schulzentrum-stetten-akm.de\/ro\/wp-json\/wp\/v2\/types\/post"}],"author":[{"embeddable":true,"href":"https:\/\/www.schulzentrum-stetten-akm.de\/ro\/wp-json\/wp\/v2\/users\/1"}],"replies":[{"embeddable":true,"href":"https:\/\/www.schulzentrum-stetten-akm.de\/ro\/wp-json\/wp\/v2\/comments?post=932"}],"version-history":[{"count":2,"href":"https:\/\/www.schulzentrum-stetten-akm.de\/ro\/wp-json\/wp\/v2\/posts\/932\/revisions"}],"predecessor-version":[{"id":935,"href":"https:\/\/www.schulzentrum-stetten-akm.de\/ro\/wp-json\/wp\/v2\/posts\/932\/revisions\/935"}],"wp:featuredmedia":[{"embeddable":true,"href":"https:\/\/www.schulzentrum-stetten-akm.de\/ro\/wp-json\/wp\/v2\/media\/879"}],"wp:attachment":[{"href":"https:\/\/www.schulzentrum-stetten-akm.de\/ro\/wp-json\/wp\/v2\/media?parent=932"}],"wp:term":[{"taxonomy":"category","embeddable":true,"href":"https:\/\/www.schulzentrum-stetten-akm.de\/ro\/wp-json\/wp\/v2\/categories?post=932"},{"taxonomy":"post_tag","embeddable":true,"href":"https:\/\/www.schulzentrum-stetten-akm.de\/ro\/wp-json\/wp\/v2\/tags?post=932"}],"curies":[{"name":"wp","href":"https:\/\/api.w.org\/{rel}","templated":true}]}}