{"id":8635,"date":"2025-11-19T19:27:22","date_gmt":"2025-11-19T18:27:22","guid":{"rendered":"https:\/\/www.schulzentrum-stetten-akm.de\/?p=8635"},"modified":"2025-11-22T19:37:07","modified_gmt":"2025-11-22T18:37:07","slug":"solidaritaet-erleben","status":"publish","type":"post","link":"https:\/\/www.schulzentrum-stetten-akm.de\/ro\/solidaritaet-erleben\/","title":{"rendered":"Solidarit\u00e4t erleben"},"content":{"rendered":"<figure class=\"wp-block-image size-full\"><img decoding=\"async\" src=\"https:\/\/www.schulzentrum-stetten-akm.de\/wp-content\/uploads\/2025\/11\/IMG_1208-2.heic\" alt=\"\" class=\"wp-image-8639\"\/><\/figure>\n\n\n\n<p>In den vergangenen zwei Wochen nahmen die Lerngruppen 7 an einem Workshop zur Demokratiebildung teil. Gemeinsam mit Frau Hahn und Frau Riester von der N\u00e4chstenhilfe Stetten a.k.M. erkundeten die Sch\u00fcler, was Solidarit\u00e4t bedeutet \u2013 f\u00fcreinander da zu sein, wenn Unterst\u00fctzung gebraucht wird.<\/p>\n\n\n\n<p>Die Referentinnen stellten die vielf\u00e4ltige Arbeit der N\u00e4chstenhilfe vor: von Hilfe im Haushalt \u00fcber Fahrdienste bis zu gemeinschaftlichen Angeboten wie dem Mittagstisch. In kleinen Gruppen entwickelten die Jugendlichen erste Ideen, wie sie sich selbst in der Gemeinde einbringen k\u00f6nnten. Diese Ans\u00e4tze werden nun im Gemeinschaftskundeunterricht weiter vertieft und bilden den Auftakt zum neuen Projekt&nbsp;<strong>\u201eEngagement und Verantwortung\u201c<\/strong>.<\/p>\n\n\n\n<p>Das Projekt m\u00f6chte die Sch\u00fcler darin st\u00e4rken, Verantwortung im Alltag zu \u00fcbernehmen und ihre Gemeinde aktiv mitzugestalten. Sie sollen eigene soziale Projekte planen und umsetzen \u2013 und dabei ganz praktisch erfahren, wie Engagement das Miteinander und die gelebte Demokratie st\u00e4rkt.<\/p>\n\n\n\n<p>Quelle: Sarah Birkhofer<\/p>","protected":false},"excerpt":{"rendered":"<p>In den vergangenen zwei Wochen nahmen die Lerngruppen 7 an einem Workshop zur Demokratiebildung teil. Gemeinsam mit Frau Hahn und Frau Riester von der N\u00e4chstenhilfe Stetten a.k.M. erkundeten die Sch\u00fcler, &hellip; <\/p>","protected":false},"author":26,"featured_media":8641,"comment_status":"closed","ping_status":"closed","sticky":false,"template":"","format":"standard","meta":{"footnotes":""},"categories":[1,22],"tags":[],"class_list":["post-8635","post","type-post","status-publish","format-standard","has-post-thumbnail","hentry","category-allgemein","category-schulalltag"],"_links":{"self":[{"href":"https:\/\/www.schulzentrum-stetten-akm.de\/ro\/wp-json\/wp\/v2\/posts\/8635","targetHints":{"allow":["GET"]}}],"collection":[{"href":"https:\/\/www.schulzentrum-stetten-akm.de\/ro\/wp-json\/wp\/v2\/posts"}],"about":[{"href":"https:\/\/www.schulzentrum-stetten-akm.de\/ro\/wp-json\/wp\/v2\/types\/post"}],"author":[{"embeddable":true,"href":"https:\/\/www.schulzentrum-stetten-akm.de\/ro\/wp-json\/wp\/v2\/users\/26"}],"replies":[{"embeddable":true,"href":"https:\/\/www.schulzentrum-stetten-akm.de\/ro\/wp-json\/wp\/v2\/comments?post=8635"}],"version-history":[{"count":2,"href":"https:\/\/www.schulzentrum-stetten-akm.de\/ro\/wp-json\/wp\/v2\/posts\/8635\/revisions"}],"predecessor-version":[{"id":8640,"href":"https:\/\/www.schulzentrum-stetten-akm.de\/ro\/wp-json\/wp\/v2\/posts\/8635\/revisions\/8640"}],"wp:featuredmedia":[{"embeddable":true,"href":"https:\/\/www.schulzentrum-stetten-akm.de\/ro\/wp-json\/wp\/v2\/media\/8641"}],"wp:attachment":[{"href":"https:\/\/www.schulzentrum-stetten-akm.de\/ro\/wp-json\/wp\/v2\/media?parent=8635"}],"wp:term":[{"taxonomy":"category","embeddable":true,"href":"https:\/\/www.schulzentrum-stetten-akm.de\/ro\/wp-json\/wp\/v2\/categories?post=8635"},{"taxonomy":"post_tag","embeddable":true,"href":"https:\/\/www.schulzentrum-stetten-akm.de\/ro\/wp-json\/wp\/v2\/tags?post=8635"}],"curies":[{"name":"wp","href":"https:\/\/api.w.org\/{rel}","templated":true}]}}