{"id":8612,"date":"2025-11-17T16:26:15","date_gmt":"2025-11-17T15:26:15","guid":{"rendered":"https:\/\/www.schulzentrum-stetten-akm.de\/?p=8612"},"modified":"2025-11-17T19:21:58","modified_gmt":"2025-11-17T18:21:58","slug":"praxisnah-lernen-mit-der-sparkasse","status":"publish","type":"post","link":"https:\/\/www.schulzentrum-stetten-akm.de\/ro\/praxisnah-lernen-mit-der-sparkasse\/","title":{"rendered":"Praxisnah lernen mit der Sparkasse"},"content":{"rendered":"<p>Am Donnerstag, den 13. November fanden erneut die j\u00e4hrlichen Veranstaltungen unseres Kooperationspartners Sparkasse statt. In Stufe 9 leitete Herr Krause wie gewohnt das Bewerbertraining. Die Lernpartner erarbeiteten gemeinsam, welche Regeln in einem Vorstellungsgespr\u00e4ch gelten, und f\u00fchrten ein simuliertes Bewerbungsgespr\u00e4ch durch. Dabei standen Sicherheit, Auftreten und sprachlicher Ausdruck im Mittelpunkt.<\/p>\n\n\n\n<p>Parallel dazu nahm die Lerngruppe 8 am Workshop \u201eRund ums Konto \/ Onlinebanking\u201c teil. Frau Tatjana Breyel, stellvertretende Filialleiterin in Stetten, und die Auszubildende Frau Kopar f\u00fchrten die Gruppe durch zentrale Themen wie die Funktionen eines Girokontos, das Ausf\u00fcllen eines \u00dcberweisungstr\u00e4gers und den sicheren Umgang mit Online-Banking per Smartphone. Die praxisnahe Gestaltung erm\u00f6glichte es den Lernenden, theoretisches Wissen aus dem WBS-Unterricht direkt anzuwenden.<\/p>\n\n\n\n<p>Die langj\u00e4hrige Kooperation mit der Sparkasse er\u00f6ffnet unseren Lernpartnern wertvolle Einblicke in Bewerbungsabl\u00e4ufe und finanzielle Selbstst\u00e4ndigkeit. Wir danken der Sparkasse herzlich f\u00fcr das fortw\u00e4hrende Engagement und die bereichernde Unterst\u00fctzung.<\/p>\n\n\n\n<figure class=\"wp-block-image size-large\"><img loading=\"lazy\" decoding=\"async\" width=\"1024\" height=\"768\" src=\"https:\/\/www.schulzentrum-stetten-akm.de\/wp-content\/uploads\/2025\/11\/20251113_100951-1024x768.png\" alt=\"\" class=\"wp-image-8614\" srcset=\"https:\/\/www.schulzentrum-stetten-akm.de\/wp-content\/uploads\/2025\/11\/20251113_100951-1024x768.png 1024w, https:\/\/www.schulzentrum-stetten-akm.de\/wp-content\/uploads\/2025\/11\/20251113_100951-300x225.png 300w, https:\/\/www.schulzentrum-stetten-akm.de\/wp-content\/uploads\/2025\/11\/20251113_100951-768x576.png 768w, https:\/\/www.schulzentrum-stetten-akm.de\/wp-content\/uploads\/2025\/11\/20251113_100951-1536x1152.png 1536w, https:\/\/www.schulzentrum-stetten-akm.de\/wp-content\/uploads\/2025\/11\/20251113_100951.png 2048w, https:\/\/www.schulzentrum-stetten-akm.de\/wp-content\/uploads\/2025\/11\/20251113_100951-16x12.png 16w\" sizes=\"auto, (max-width: 1024px) 100vw, 1024px\" \/><\/figure>\n\n\n\n<p>Quelle: Jessica Reinberger<\/p>","protected":false},"excerpt":{"rendered":"<p>Am Donnerstag, den 13. November fanden erneut die j\u00e4hrlichen Veranstaltungen unseres Kooperationspartners Sparkasse statt. In Stufe 9 leitete Herr Krause wie gewohnt das Bewerbertraining. Die Lernpartner erarbeiteten gemeinsam, welche Regeln &hellip; <\/p>","protected":false},"author":26,"featured_media":8613,"comment_status":"closed","ping_status":"closed","sticky":false,"template":"","format":"standard","meta":{"footnotes":""},"categories":[44,1],"tags":[],"class_list":["post-8612","post","type-post","status-publish","format-standard","has-post-thumbnail","hentry","category-berufsorientierung","category-allgemein"],"_links":{"self":[{"href":"https:\/\/www.schulzentrum-stetten-akm.de\/ro\/wp-json\/wp\/v2\/posts\/8612","targetHints":{"allow":["GET"]}}],"collection":[{"href":"https:\/\/www.schulzentrum-stetten-akm.de\/ro\/wp-json\/wp\/v2\/posts"}],"about":[{"href":"https:\/\/www.schulzentrum-stetten-akm.de\/ro\/wp-json\/wp\/v2\/types\/post"}],"author":[{"embeddable":true,"href":"https:\/\/www.schulzentrum-stetten-akm.de\/ro\/wp-json\/wp\/v2\/users\/26"}],"replies":[{"embeddable":true,"href":"https:\/\/www.schulzentrum-stetten-akm.de\/ro\/wp-json\/wp\/v2\/comments?post=8612"}],"version-history":[{"count":2,"href":"https:\/\/www.schulzentrum-stetten-akm.de\/ro\/wp-json\/wp\/v2\/posts\/8612\/revisions"}],"predecessor-version":[{"id":8616,"href":"https:\/\/www.schulzentrum-stetten-akm.de\/ro\/wp-json\/wp\/v2\/posts\/8612\/revisions\/8616"}],"wp:featuredmedia":[{"embeddable":true,"href":"https:\/\/www.schulzentrum-stetten-akm.de\/ro\/wp-json\/wp\/v2\/media\/8613"}],"wp:attachment":[{"href":"https:\/\/www.schulzentrum-stetten-akm.de\/ro\/wp-json\/wp\/v2\/media?parent=8612"}],"wp:term":[{"taxonomy":"category","embeddable":true,"href":"https:\/\/www.schulzentrum-stetten-akm.de\/ro\/wp-json\/wp\/v2\/categories?post=8612"},{"taxonomy":"post_tag","embeddable":true,"href":"https:\/\/www.schulzentrum-stetten-akm.de\/ro\/wp-json\/wp\/v2\/tags?post=8612"}],"curies":[{"name":"wp","href":"https:\/\/api.w.org\/{rel}","templated":true}]}}