{"id":8528,"date":"2025-11-07T11:44:33","date_gmt":"2025-11-07T10:44:33","guid":{"rendered":"https:\/\/www.schulzentrum-stetten-akm.de\/?p=8528"},"modified":"2025-11-07T19:59:14","modified_gmt":"2025-11-07T18:59:14","slug":"schuelersprecherwahl-2025","status":"publish","type":"post","link":"https:\/\/www.schulzentrum-stetten-akm.de\/ro\/schuelersprecherwahl-2025\/","title":{"rendered":"Sch\u00fclersprecherwahl 2025"},"content":{"rendered":"<p>Am Donnerstag, den 6. \u00a0November 2025\u00a0fand am Schulzentrum Stetten die Wahl der neuen Sch\u00fclersprecher statt.<br>Zur neuen\u00a0Sch\u00fclersprecherin\u00a0wurde\u00a0Lena M\u00fchling\u00a0(rechts im Bild) gew\u00e4hlt. Ihr\u00a0Stellvertreter\u00a0ist\u00a0Gabriel Nuber (links im Bild).<br>Beide m\u00f6chten sich in diesem Schuljahr besonders f\u00fcr ein gutes Miteinander am Schulzentrum sowie f\u00fcr gemeinsame Aktionen und Projekte aller Schularten einsetzen.<\/p>\n\n\n\n<p>Wir&nbsp;gratulieren Lena und Gabriel herzlich&nbsp;zu ihrer Wahl und w\u00fcnschen ihnen viel Erfolg und Freude bei ihren Aufgaben!<\/p>\n\n\n\n<p>Quelle: Mihael Sim<\/p>","protected":false},"excerpt":{"rendered":"<p>Am Donnerstag, den 6. \u00a0November 2025\u00a0fand am Schulzentrum Stetten die Wahl der neuen Sch\u00fclersprecher statt.Zur neuen\u00a0Sch\u00fclersprecherin\u00a0wurde\u00a0Lena M\u00fchling\u00a0(rechts im Bild) gew\u00e4hlt. Ihr\u00a0Stellvertreter\u00a0ist\u00a0Gabriel Nuber (links im Bild).Beide m\u00f6chten sich in diesem Schuljahr &hellip; <\/p>","protected":false},"author":26,"featured_media":8531,"comment_status":"closed","ping_status":"closed","sticky":false,"template":"","format":"standard","meta":{"footnotes":""},"categories":[1,22],"tags":[],"class_list":["post-8528","post","type-post","status-publish","format-standard","has-post-thumbnail","hentry","category-allgemein","category-schulalltag"],"_links":{"self":[{"href":"https:\/\/www.schulzentrum-stetten-akm.de\/ro\/wp-json\/wp\/v2\/posts\/8528","targetHints":{"allow":["GET"]}}],"collection":[{"href":"https:\/\/www.schulzentrum-stetten-akm.de\/ro\/wp-json\/wp\/v2\/posts"}],"about":[{"href":"https:\/\/www.schulzentrum-stetten-akm.de\/ro\/wp-json\/wp\/v2\/types\/post"}],"author":[{"embeddable":true,"href":"https:\/\/www.schulzentrum-stetten-akm.de\/ro\/wp-json\/wp\/v2\/users\/26"}],"replies":[{"embeddable":true,"href":"https:\/\/www.schulzentrum-stetten-akm.de\/ro\/wp-json\/wp\/v2\/comments?post=8528"}],"version-history":[{"count":3,"href":"https:\/\/www.schulzentrum-stetten-akm.de\/ro\/wp-json\/wp\/v2\/posts\/8528\/revisions"}],"predecessor-version":[{"id":8533,"href":"https:\/\/www.schulzentrum-stetten-akm.de\/ro\/wp-json\/wp\/v2\/posts\/8528\/revisions\/8533"}],"wp:featuredmedia":[{"embeddable":true,"href":"https:\/\/www.schulzentrum-stetten-akm.de\/ro\/wp-json\/wp\/v2\/media\/8531"}],"wp:attachment":[{"href":"https:\/\/www.schulzentrum-stetten-akm.de\/ro\/wp-json\/wp\/v2\/media?parent=8528"}],"wp:term":[{"taxonomy":"category","embeddable":true,"href":"https:\/\/www.schulzentrum-stetten-akm.de\/ro\/wp-json\/wp\/v2\/categories?post=8528"},{"taxonomy":"post_tag","embeddable":true,"href":"https:\/\/www.schulzentrum-stetten-akm.de\/ro\/wp-json\/wp\/v2\/tags?post=8528"}],"curies":[{"name":"wp","href":"https:\/\/api.w.org\/{rel}","templated":true}]}}