{"id":8493,"date":"2025-10-20T15:26:40","date_gmt":"2025-10-20T13:26:40","guid":{"rendered":"https:\/\/www.schulzentrum-stetten-akm.de\/?p=8493"},"modified":"2025-10-20T19:51:05","modified_gmt":"2025-10-20T17:51:05","slug":"bildungsmesse-visionen-2025","status":"publish","type":"post","link":"https:\/\/www.schulzentrum-stetten-akm.de\/ro\/bildungsmesse-visionen-2025\/","title":{"rendered":"Bildungsmesse \u201eVisionen 2025\u201c"},"content":{"rendered":"<h2 class=\"wp-block-heading\">Weichenstellung f\u00fcr die Zukunft<\/h2>\n\n\n\n<p><\/p>\n\n\n\n<p>Am Donnerstag, den 16. Oktober 2025 besuchten die 9er- und 10er-Lerngruppen des Schulzentrums Stetten die Bildungsmesse&nbsp;\u201eVisionen\u201c&nbsp;in Balingen. Begleitet wurden die Lernenden von ihren Lerngruppenleitungen Frau Gruber, Frau H\u00f6rger, Herrn Hotz und Herrn Falk.<\/p>\n\n\n\n<p>Zur Vorbereitung arbeiteten die Lernpartnerinnen und Lernpartner gemeinsam mit ihren Begleitungen an einem konkreten Aufgabenplan sowie einer speziell erstellten Messezeitung. So konnten sie den Tag gezielt nutzen und mit relevanten Ausstellern in Kontakt treten.<\/p>\n\n\n\n<p>Die Messe bot eine lebendige Plattform mit \u00fcber 150 regionalen Ausstellern \u2013 darunter Betriebe, Ausbildungsst\u00e4tten und Hochschulen. Besonders ansprechend waren die interaktiven Angebote, Gewinnspiele und kleinen Give-aways, die zus\u00e4tzlich zur aktiven Teilnahme motivierten.<\/p>\n\n\n\n<p>Ziel des Besuchs war es, sich umfassend \u00fcber Ausbildungsberufe und Studienm\u00f6glichkeiten zu informieren und konkrete Perspektiven f\u00fcr Ausbildungs- und Praxispl\u00e4tze zu sondieren. Viele Lernpartnerinnen und Lernpartner nutzten die Gelegenheit, pers\u00f6nliche Gespr\u00e4che mit potenziellen Arbeitgebern zu f\u00fchren und wertvolle Informationen aus erster Hand zu gewinnen.<\/p>\n\n\n\n<p>Die Bildungsmesse&nbsp;\u201eVisionen\u201c&nbsp;erwies sich erneut als wichtige Orientierungshilfe auf dem Weg in die berufliche Zukunft: praxisnahe Einblicke, individuelle Beratung und zahlreiche Impulse f\u00fcr die weitere Berufs- und Studienplanung.<\/p>\n\n\n\n<p>Wir danken allen Beteiligten f\u00fcr diesen inspirierenden Tag und freuen uns auf die n\u00e4chsten Schritte unserer Lernpartnerinnen und Lernpartner in Richtung Zukunft.<\/p>\n\n\n\n<figure class=\"wp-block-image size-large\"><img loading=\"lazy\" decoding=\"async\" width=\"1024\" height=\"768\" src=\"https:\/\/www.schulzentrum-stetten-akm.de\/wp-content\/uploads\/2025\/10\/IMG_9273-1024x768.jpeg\" alt=\"\" class=\"wp-image-8495\" srcset=\"https:\/\/www.schulzentrum-stetten-akm.de\/wp-content\/uploads\/2025\/10\/IMG_9273-1024x768.jpeg 1024w, https:\/\/www.schulzentrum-stetten-akm.de\/wp-content\/uploads\/2025\/10\/IMG_9273-300x225.jpeg 300w, https:\/\/www.schulzentrum-stetten-akm.de\/wp-content\/uploads\/2025\/10\/IMG_9273-768x576.jpeg 768w, https:\/\/www.schulzentrum-stetten-akm.de\/wp-content\/uploads\/2025\/10\/IMG_9273-16x12.jpeg 16w, https:\/\/www.schulzentrum-stetten-akm.de\/wp-content\/uploads\/2025\/10\/IMG_9273.jpeg 1365w\" sizes=\"auto, (max-width: 1024px) 100vw, 1024px\" \/><\/figure>\n\n\n\n<p><em>Quelle: Jessica Reinberger<\/em><\/p>","protected":false},"excerpt":{"rendered":"<p>Weichenstellung f\u00fcr die Zukunft Am Donnerstag, den 16. Oktober 2025 besuchten die 9er- und 10er-Lerngruppen des Schulzentrums Stetten die Bildungsmesse&nbsp;\u201eVisionen\u201c&nbsp;in Balingen. Begleitet wurden die Lernenden von ihren Lerngruppenleitungen Frau Gruber, &hellip; <\/p>","protected":false},"author":26,"featured_media":8497,"comment_status":"closed","ping_status":"closed","sticky":false,"template":"","format":"standard","meta":{"footnotes":""},"categories":[44,1,22],"tags":[],"class_list":["post-8493","post","type-post","status-publish","format-standard","has-post-thumbnail","hentry","category-berufsorientierung","category-allgemein","category-schulalltag"],"_links":{"self":[{"href":"https:\/\/www.schulzentrum-stetten-akm.de\/ro\/wp-json\/wp\/v2\/posts\/8493","targetHints":{"allow":["GET"]}}],"collection":[{"href":"https:\/\/www.schulzentrum-stetten-akm.de\/ro\/wp-json\/wp\/v2\/posts"}],"about":[{"href":"https:\/\/www.schulzentrum-stetten-akm.de\/ro\/wp-json\/wp\/v2\/types\/post"}],"author":[{"embeddable":true,"href":"https:\/\/www.schulzentrum-stetten-akm.de\/ro\/wp-json\/wp\/v2\/users\/26"}],"replies":[{"embeddable":true,"href":"https:\/\/www.schulzentrum-stetten-akm.de\/ro\/wp-json\/wp\/v2\/comments?post=8493"}],"version-history":[{"count":4,"href":"https:\/\/www.schulzentrum-stetten-akm.de\/ro\/wp-json\/wp\/v2\/posts\/8493\/revisions"}],"predecessor-version":[{"id":8500,"href":"https:\/\/www.schulzentrum-stetten-akm.de\/ro\/wp-json\/wp\/v2\/posts\/8493\/revisions\/8500"}],"wp:featuredmedia":[{"embeddable":true,"href":"https:\/\/www.schulzentrum-stetten-akm.de\/ro\/wp-json\/wp\/v2\/media\/8497"}],"wp:attachment":[{"href":"https:\/\/www.schulzentrum-stetten-akm.de\/ro\/wp-json\/wp\/v2\/media?parent=8493"}],"wp:term":[{"taxonomy":"category","embeddable":true,"href":"https:\/\/www.schulzentrum-stetten-akm.de\/ro\/wp-json\/wp\/v2\/categories?post=8493"},{"taxonomy":"post_tag","embeddable":true,"href":"https:\/\/www.schulzentrum-stetten-akm.de\/ro\/wp-json\/wp\/v2\/tags?post=8493"}],"curies":[{"name":"wp","href":"https:\/\/api.w.org\/{rel}","templated":true}]}}